{"id":7102,"date":"2022-06-26T08:30:34","date_gmt":"2022-06-26T07:30:34","guid":{"rendered":"https:\/\/prades.cat\/?p=7102"},"modified":"2022-08-02T11:21:47","modified_gmt":"2022-08-02T10:21:47","slug":"prades-inicia-la-temporada-de-la-piscina-municipal-amb-novetats","status":"publish","type":"post","link":"https:\/\/prades.cat\/es\/notes-de-premsa\/prades-inicia-la-temporada-de-la-piscina-municipal-amb-novetats\/","title":{"rendered":"Prades inicia la temporada de la piscina municipal amb novetats"},"content":{"rendered":"\n<h2 class=\"wp-block-heading\">L&#8217;entrada ser\u00e0 gratu\u00efta fins el 30 de juny<\/h2>\n\n\n\n<figure class=\"wp-block-image size-large\"><img decoding=\"async\" loading=\"lazy\" width=\"1024\" height=\"768\" src=\"https:\/\/prades.cat\/wp-content\/uploads\/2022\/06\/nous-vestidors-piscina-1024x768.jpg\" alt=\"\" class=\"wp-image-7103\"\/><figcaption>D&#8217;esquerra a dreta: Joan Llurba, regidor d&#8217;esports, L\u00eddia Bargas, alcaldessa de Prades i Joan Pons primer tinent d&#8217;alcalde.<\/figcaption><\/figure>\n\n\n\n<p>L&#8217;Ajuntament de Prades ha realitzat una jornada de portes obertes de la piscina municipal per la Diada de Sant Joan. L\u2019alcaldessa de Prades, L\u00eddia Bargas, ha presentat els nous espais juntament amb el primer tinent d\u2019alcalde, Joan Pons i el regidor d&#8217;urbanisme i esports, Joan Llurba.<\/p>\n\n\n\n<p>Les remodelacions de la piscina municipal, que han acabat enguany, inclouen nous vestidors, taquilles, bar, aix\u00ed com un nou espai de terrassa. El fons de la piscina infantil tamb\u00e9 s\u2019ha repintat i l\u2019espai de gespa es veu m\u00e9s ampli al haver eliminat l\u2019anterior bar.<\/p>\n\n\n\n<p>El nou edifici compta amb plaques solars que alimenten els vestuaris i el bar.<\/p>\n\n\n\n<p>Els usuaris amb abonament podran accedir directament a la piscina a trav\u00e9s dels vestuaris amb una targeta introduint-la a un torniquet d\u2019acc\u00e9s. L\u2019abonament es podr\u00e0 adquirir a l\u2019oficina de l\u2019Ajuntament. Qui no tingui abonament podr\u00e0 pagar l\u2019entrada a taquilla.<\/p>\n\n\n\n<p>Les claus numerades de les taquilles s\u2019hauran de demanar al bar deixant un dip\u00f2sit.<\/p>\n\n\n\n<p>Des del 24 de juny fins el dia 30 de juny l\u2019acc\u00e9s a la piscina ser\u00e0 gratu\u00eft.<\/p>\n\n\n\n<p>Del 18 al 29 de juliol comen\u00e7a el primer torn dels cursets de nataci\u00f3 i el segon torn ser\u00e0 de l\u20191 al 12 d\u2019agost. Les classes es faran els dilluns, dimecres i divendres de 13h a 13h45. Els infants inscrits a casal d\u2019estiu tamb\u00e9 realitzaran activitats a la piscina. Els interessats es poden apuntar a l&#8217;Oficina de Turisme o a l\u2019Ajuntament per quaranta euros el torn.<\/p>\n\n\n\n\n\n<figure class=\"wp-block-image size-large\"><img decoding=\"async\" loading=\"lazy\" width=\"1024\" height=\"768\" src=\"https:\/\/prades.cat\/wp-content\/uploads\/2022\/06\/nous-vestidors2-1024x768.jpeg\" alt=\"\" class=\"wp-image-7107\"\/><\/figure>\n","protected":false},"excerpt":{"rendered":"<p>L&#8217;entrada ser\u00e0 gratu\u00efta fins el 30 de juny L&#8217;Ajuntament de Prades ha realitzat una jornada de portes obertes de la piscina municipal per la Diada de Sant Joan. L\u2019alcaldessa de Prades, L\u00eddia Bargas, ha presentat els nous espais juntament amb el primer tinent d\u2019alcalde, Joan&#8230;<\/p>\n","protected":false},"author":1,"featured_media":7103,"comment_status":"closed","ping_status":"closed","sticky":false,"template":"","format":"standard","meta":{"footnotes":""},"categories":[8,5,27],"tags":[],"acf":[],"yoast_head":"<!-- This site is optimized with the Yoast SEO plugin v22.6 - https:\/\/yoast.com\/wordpress\/plugins\/seo\/ -->\n<title>Prades inicia la temporada de la piscina municipal amb novetats - Prades<\/title>\n<meta name=\"robots\" content=\"index, follow, max-snippet:-1, max-image-preview:large, max-video-preview:-1\" \/>\n<link rel=\"canonical\" href=\"https:\/\/prades.cat\/es\/notes-de-premsa\/prades-inicia-la-temporada-de-la-piscina-municipal-amb-novetats\/\" \/>\n<meta property=\"og:locale\" content=\"es_ES\" \/>\n<meta property=\"og:type\" content=\"article\" \/>\n<meta property=\"og:title\" content=\"Prades inicia la temporada de la piscina municipal amb novetats - Prades\" \/>\n<meta property=\"og:description\" content=\"L&#8217;entrada ser\u00e0 gratu\u00efta fins el 30 de juny L&#8217;Ajuntament de Prades ha realitzat una jornada de portes obertes de la piscina municipal per la Diada de Sant Joan. L\u2019alcaldessa de Prades, L\u00eddia Bargas, ha presentat els nous espais juntament amb el primer tinent d\u2019alcalde, Joan...\" \/>\n<meta property=\"og:url\" content=\"https:\/\/prades.cat\/es\/notes-de-premsa\/prades-inicia-la-temporada-de-la-piscina-municipal-amb-novetats\/\" \/>\n<meta property=\"og:site_name\" content=\"Prades\" \/>\n<meta property=\"article:published_time\" content=\"2022-06-26T07:30:34+00:00\" \/>\n<meta property=\"article:modified_time\" content=\"2022-08-02T10:21:47+00:00\" \/>\n<meta property=\"og:image\" content=\"https:\/\/prades.cat\/wp-content\/uploads\/2022\/06\/nous-vestidors-piscina-scaled-e1656228481259.jpg\" \/>\n\t<meta property=\"og:image:width\" content=\"800\" \/>\n\t<meta property=\"og:image:height\" content=\"600\" \/>\n\t<meta property=\"og:image:type\" content=\"image\/jpeg\" \/>\n<meta name=\"author\" content=\"prades\" \/>\n<meta name=\"twitter:card\" content=\"summary_large_image\" \/>\n<meta name=\"twitter:label1\" content=\"Escrito por\" \/>\n\t<meta name=\"twitter:data1\" content=\"prades\" \/>\n\t<meta name=\"twitter:label2\" content=\"Tiempo de lectura\" \/>\n\t<meta name=\"twitter:data2\" content=\"1 minuto\" \/>\n<script type=\"application\/ld+json\" class=\"yoast-schema-graph\">{\"@context\":\"https:\/\/schema.org\",\"@graph\":[{\"@type\":\"WebPage\",\"@id\":\"https:\/\/prades.cat\/es\/notes-de-premsa\/prades-inicia-la-temporada-de-la-piscina-municipal-amb-novetats\/\",\"url\":\"https:\/\/prades.cat\/es\/notes-de-premsa\/prades-inicia-la-temporada-de-la-piscina-municipal-amb-novetats\/\",\"name\":\"Prades inicia la temporada de la piscina municipal amb novetats - Prades\",\"isPartOf\":{\"@id\":\"https:\/\/prades.cat\/es\/#website\"},\"primaryImageOfPage\":{\"@id\":\"https:\/\/prades.cat\/es\/notes-de-premsa\/prades-inicia-la-temporada-de-la-piscina-municipal-amb-novetats\/#primaryimage\"},\"image\":{\"@id\":\"https:\/\/prades.cat\/es\/notes-de-premsa\/prades-inicia-la-temporada-de-la-piscina-municipal-amb-novetats\/#primaryimage\"},\"thumbnailUrl\":\"https:\/\/prades.cat\/wp-content\/uploads\/2022\/06\/nous-vestidors-piscina-scaled-e1656228481259.jpg\",\"datePublished\":\"2022-06-26T07:30:34+00:00\",\"dateModified\":\"2022-08-02T10:21:47+00:00\",\"author\":{\"@id\":\"https:\/\/prades.cat\/es\/#\/schema\/person\/bb3b528c79ba4d250c07c52ff2e9f36c\"},\"breadcrumb\":{\"@id\":\"https:\/\/prades.cat\/es\/notes-de-premsa\/prades-inicia-la-temporada-de-la-piscina-municipal-amb-novetats\/#breadcrumb\"},\"inLanguage\":\"es\",\"potentialAction\":[{\"@type\":\"ReadAction\",\"target\":[\"https:\/\/prades.cat\/es\/notes-de-premsa\/prades-inicia-la-temporada-de-la-piscina-municipal-amb-novetats\/\"]}]},{\"@type\":\"ImageObject\",\"inLanguage\":\"es\",\"@id\":\"https:\/\/prades.cat\/es\/notes-de-premsa\/prades-inicia-la-temporada-de-la-piscina-municipal-amb-novetats\/#primaryimage\",\"url\":\"https:\/\/prades.cat\/wp-content\/uploads\/2022\/06\/nous-vestidors-piscina-scaled-e1656228481259.jpg\",\"contentUrl\":\"https:\/\/prades.cat\/wp-content\/uploads\/2022\/06\/nous-vestidors-piscina-scaled-e1656228481259.jpg\",\"width\":800,\"height\":600},{\"@type\":\"BreadcrumbList\",\"@id\":\"https:\/\/prades.cat\/es\/notes-de-premsa\/prades-inicia-la-temporada-de-la-piscina-municipal-amb-novetats\/#breadcrumb\",\"itemListElement\":[{\"@type\":\"ListItem\",\"position\":1,\"name\":\"Inici\",\"item\":\"https:\/\/prades.cat\/es\/\"},{\"@type\":\"ListItem\",\"position\":2,\"name\":\"Prades inicia la temporada de la piscina municipal amb novetats\"}]},{\"@type\":\"WebSite\",\"@id\":\"https:\/\/prades.cat\/es\/#website\",\"url\":\"https:\/\/prades.cat\/es\/\",\"name\":\"Prades\",\"description\":\"Web de l&#039;Ajuntament de Prades\",\"potentialAction\":[{\"@type\":\"SearchAction\",\"target\":{\"@type\":\"EntryPoint\",\"urlTemplate\":\"https:\/\/prades.cat\/es\/?s={search_term_string}\"},\"query-input\":\"required name=search_term_string\"}],\"inLanguage\":\"es\"},{\"@type\":\"Person\",\"@id\":\"https:\/\/prades.cat\/es\/#\/schema\/person\/bb3b528c79ba4d250c07c52ff2e9f36c\",\"name\":\"prades\",\"image\":{\"@type\":\"ImageObject\",\"inLanguage\":\"es\",\"@id\":\"https:\/\/prades.cat\/es\/#\/schema\/person\/image\/\",\"url\":\"https:\/\/secure.gravatar.com\/avatar\/4da81faf6e00158cd344bd6f5f1b626e?s=96&d=mm&r=g\",\"contentUrl\":\"https:\/\/secure.gravatar.com\/avatar\/4da81faf6e00158cd344bd6f5f1b626e?s=96&d=mm&r=g\",\"caption\":\"prades\"},\"url\":\"https:\/\/prades.cat\/es\/author\/prades\/\"}]}<\/script>\n<!-- \/ Yoast SEO plugin. -->","yoast_head_json":{"title":"Prades inicia la temporada de la piscina municipal amb novetats - Prades","robots":{"index":"index","follow":"follow","max-snippet":"max-snippet:-1","max-image-preview":"max-image-preview:large","max-video-preview":"max-video-preview:-1"},"canonical":"https:\/\/prades.cat\/es\/notes-de-premsa\/prades-inicia-la-temporada-de-la-piscina-municipal-amb-novetats\/","og_locale":"es_ES","og_type":"article","og_title":"Prades inicia la temporada de la piscina municipal amb novetats - Prades","og_description":"L&#8217;entrada ser\u00e0 gratu\u00efta fins el 30 de juny L&#8217;Ajuntament de Prades ha realitzat una jornada de portes obertes de la piscina municipal per la Diada de Sant Joan. L\u2019alcaldessa de Prades, L\u00eddia Bargas, ha presentat els nous espais juntament amb el primer tinent d\u2019alcalde, Joan...","og_url":"https:\/\/prades.cat\/es\/notes-de-premsa\/prades-inicia-la-temporada-de-la-piscina-municipal-amb-novetats\/","og_site_name":"Prades","article_published_time":"2022-06-26T07:30:34+00:00","article_modified_time":"2022-08-02T10:21:47+00:00","og_image":[{"width":800,"height":600,"url":"https:\/\/prades.cat\/wp-content\/uploads\/2022\/06\/nous-vestidors-piscina-scaled-e1656228481259.jpg","type":"image\/jpeg"}],"author":"prades","twitter_card":"summary_large_image","twitter_misc":{"Escrito por":"prades","Tiempo de lectura":"1 minuto"},"schema":{"@context":"https:\/\/schema.org","@graph":[{"@type":"WebPage","@id":"https:\/\/prades.cat\/es\/notes-de-premsa\/prades-inicia-la-temporada-de-la-piscina-municipal-amb-novetats\/","url":"https:\/\/prades.cat\/es\/notes-de-premsa\/prades-inicia-la-temporada-de-la-piscina-municipal-amb-novetats\/","name":"Prades inicia la temporada de la piscina municipal amb novetats - Prades","isPartOf":{"@id":"https:\/\/prades.cat\/es\/#website"},"primaryImageOfPage":{"@id":"https:\/\/prades.cat\/es\/notes-de-premsa\/prades-inicia-la-temporada-de-la-piscina-municipal-amb-novetats\/#primaryimage"},"image":{"@id":"https:\/\/prades.cat\/es\/notes-de-premsa\/prades-inicia-la-temporada-de-la-piscina-municipal-amb-novetats\/#primaryimage"},"thumbnailUrl":"https:\/\/prades.cat\/wp-content\/uploads\/2022\/06\/nous-vestidors-piscina-scaled-e1656228481259.jpg","datePublished":"2022-06-26T07:30:34+00:00","dateModified":"2022-08-02T10:21:47+00:00","author":{"@id":"https:\/\/prades.cat\/es\/#\/schema\/person\/bb3b528c79ba4d250c07c52ff2e9f36c"},"breadcrumb":{"@id":"https:\/\/prades.cat\/es\/notes-de-premsa\/prades-inicia-la-temporada-de-la-piscina-municipal-amb-novetats\/#breadcrumb"},"inLanguage":"es","potentialAction":[{"@type":"ReadAction","target":["https:\/\/prades.cat\/es\/notes-de-premsa\/prades-inicia-la-temporada-de-la-piscina-municipal-amb-novetats\/"]}]},{"@type":"ImageObject","inLanguage":"es","@id":"https:\/\/prades.cat\/es\/notes-de-premsa\/prades-inicia-la-temporada-de-la-piscina-municipal-amb-novetats\/#primaryimage","url":"https:\/\/prades.cat\/wp-content\/uploads\/2022\/06\/nous-vestidors-piscina-scaled-e1656228481259.jpg","contentUrl":"https:\/\/prades.cat\/wp-content\/uploads\/2022\/06\/nous-vestidors-piscina-scaled-e1656228481259.jpg","width":800,"height":600},{"@type":"BreadcrumbList","@id":"https:\/\/prades.cat\/es\/notes-de-premsa\/prades-inicia-la-temporada-de-la-piscina-municipal-amb-novetats\/#breadcrumb","itemListElement":[{"@type":"ListItem","position":1,"name":"Inici","item":"https:\/\/prades.cat\/es\/"},{"@type":"ListItem","position":2,"name":"Prades inicia la temporada de la piscina municipal amb novetats"}]},{"@type":"WebSite","@id":"https:\/\/prades.cat\/es\/#website","url":"https:\/\/prades.cat\/es\/","name":"Prades","description":"Web de l&#039;Ajuntament de Prades","potentialAction":[{"@type":"SearchAction","target":{"@type":"EntryPoint","urlTemplate":"https:\/\/prades.cat\/es\/?s={search_term_string}"},"query-input":"required name=search_term_string"}],"inLanguage":"es"},{"@type":"Person","@id":"https:\/\/prades.cat\/es\/#\/schema\/person\/bb3b528c79ba4d250c07c52ff2e9f36c","name":"prades","image":{"@type":"ImageObject","inLanguage":"es","@id":"https:\/\/prades.cat\/es\/#\/schema\/person\/image\/","url":"https:\/\/secure.gravatar.com\/avatar\/4da81faf6e00158cd344bd6f5f1b626e?s=96&d=mm&r=g","contentUrl":"https:\/\/secure.gravatar.com\/avatar\/4da81faf6e00158cd344bd6f5f1b626e?s=96&d=mm&r=g","caption":"prades"},"url":"https:\/\/prades.cat\/es\/author\/prades\/"}]}},"_links":{"self":[{"href":"https:\/\/prades.cat\/es\/wp-json\/wp\/v2\/posts\/7102"}],"collection":[{"href":"https:\/\/prades.cat\/es\/wp-json\/wp\/v2\/posts"}],"about":[{"href":"https:\/\/prades.cat\/es\/wp-json\/wp\/v2\/types\/post"}],"author":[{"embeddable":true,"href":"https:\/\/prades.cat\/es\/wp-json\/wp\/v2\/users\/1"}],"replies":[{"embeddable":true,"href":"https:\/\/prades.cat\/es\/wp-json\/wp\/v2\/comments?post=7102"}],"version-history":[{"count":2,"href":"https:\/\/prades.cat\/es\/wp-json\/wp\/v2\/posts\/7102\/revisions"}],"predecessor-version":[{"id":7110,"href":"https:\/\/prades.cat\/es\/wp-json\/wp\/v2\/posts\/7102\/revisions\/7110"}],"wp:featuredmedia":[{"embeddable":true,"href":"https:\/\/prades.cat\/es\/wp-json\/wp\/v2\/media\/7103"}],"wp:attachment":[{"href":"https:\/\/prades.cat\/es\/wp-json\/wp\/v2\/media?parent=7102"}],"wp:term":[{"taxonomy":"category","embeddable":true,"href":"https:\/\/prades.cat\/es\/wp-json\/wp\/v2\/categories?post=7102"},{"taxonomy":"post_tag","embeddable":true,"href":"https:\/\/prades.cat\/es\/wp-json\/wp\/v2\/tags?post=7102"}],"curies":[{"name":"wp","href":"https:\/\/api.w.org\/{rel}","templated":true}]}}