{"id":6920,"date":"2022-03-02T09:04:11","date_gmt":"2022-03-02T08:04:11","guid":{"rendered":"https:\/\/prades.cat\/?p=6920"},"modified":"2022-03-03T12:36:45","modified_gmt":"2022-03-03T11:36:45","slug":"estrena-de-nous-espectacles-al-parc-astronomic-de-les-muntanyes-de-prades","status":"publish","type":"post","link":"https:\/\/prades.cat\/es\/notes-de-premsa\/estrena-de-nous-espectacles-al-parc-astronomic-de-les-muntanyes-de-prades\/","title":{"rendered":"Estrena de nous espectacles al Parc Astron\u00f2mic de les Muntanyes de Prades"},"content":{"rendered":"\n<div class=\"wp-block-image\"><figure class=\"aligncenter size-large is-resized\"><img decoding=\"async\" loading=\"lazy\" src=\"https:\/\/prades.cat\/wp-content\/uploads\/2022\/03\/Escut-Prades-2-1024x585.jpg\" alt=\"\" class=\"wp-image-6922\" width=\"251\" height=\"142\" srcset=\"https:\/\/prades.cat\/wp-content\/uploads\/2022\/03\/Escut-Prades-2-1024x585.jpg 1024w, https:\/\/prades.cat\/wp-content\/uploads\/2022\/03\/Escut-Prades-2-300x171.jpg 300w, https:\/\/prades.cat\/wp-content\/uploads\/2022\/03\/Escut-Prades-2-768x439.jpg 768w, https:\/\/prades.cat\/wp-content\/uploads\/2022\/03\/Escut-Prades-2-1536x877.jpg 1536w, https:\/\/prades.cat\/wp-content\/uploads\/2022\/03\/Escut-Prades-2-700x400.jpg 700w, https:\/\/prades.cat\/wp-content\/uploads\/2022\/03\/Escut-Prades-2-539x303.jpg 539w, https:\/\/prades.cat\/wp-content\/uploads\/2022\/03\/Escut-Prades-2.jpg 1921w\" sizes=\"(max-width: 251px) 100vw, 251px\" \/><\/figure><\/div>\n\n\n\n<div class=\"wp-block-image\"><figure class=\"aligncenter size-large is-resized\"><img decoding=\"async\" loading=\"lazy\" src=\"https:\/\/prades.cat\/wp-content\/uploads\/2022\/03\/parc-astronomic-logo.jpg\" alt=\"\" class=\"wp-image-6927\" width=\"275\" height=\"63\" srcset=\"https:\/\/prades.cat\/wp-content\/uploads\/2022\/03\/parc-astronomic-logo.jpg 956w, https:\/\/prades.cat\/wp-content\/uploads\/2022\/03\/parc-astronomic-logo-300x70.jpg 300w, https:\/\/prades.cat\/wp-content\/uploads\/2022\/03\/parc-astronomic-logo-768x178.jpg 768w, https:\/\/prades.cat\/wp-content\/uploads\/2022\/03\/parc-astronomic-logo-700x163.jpg 700w\" sizes=\"(max-width: 275px) 100vw, 275px\" \/><\/figure><\/div>\n\n\n\n<div class=\"wp-block-image\"><figure class=\"aligncenter size-large is-resized\"><img decoding=\"async\" loading=\"lazy\" src=\"https:\/\/prades.cat\/wp-content\/uploads\/2022\/03\/WhatsApp-Image-2022-03-02-at-9.11.28-AM-1024x768.jpeg\" alt=\"\" class=\"wp-image-6939\" width=\"723\" height=\"542\" srcset=\"https:\/\/prades.cat\/wp-content\/uploads\/2022\/03\/WhatsApp-Image-2022-03-02-at-9.11.28-AM-1024x768.jpeg 1024w, https:\/\/prades.cat\/wp-content\/uploads\/2022\/03\/WhatsApp-Image-2022-03-02-at-9.11.28-AM-300x225.jpeg 300w, https:\/\/prades.cat\/wp-content\/uploads\/2022\/03\/WhatsApp-Image-2022-03-02-at-9.11.28-AM-768x576.jpeg 768w, https:\/\/prades.cat\/wp-content\/uploads\/2022\/03\/WhatsApp-Image-2022-03-02-at-9.11.28-AM-1536x1152.jpeg 1536w, https:\/\/prades.cat\/wp-content\/uploads\/2022\/03\/WhatsApp-Image-2022-03-02-at-9.11.28-AM-800x600.jpeg 800w, https:\/\/prades.cat\/wp-content\/uploads\/2022\/03\/WhatsApp-Image-2022-03-02-at-9.11.28-AM-700x525.jpeg 700w, https:\/\/prades.cat\/wp-content\/uploads\/2022\/03\/WhatsApp-Image-2022-03-02-at-9.11.28-AM.jpeg 2048w\" sizes=\"(max-width: 723px) 100vw, 723px\" \/><figcaption>Preparatius de l&#8217;espectacle Kosmos al Centre de Visitants del Parc Astron\u00f2mic Muntanyes de Prades. <br>Foto: Parc Astron\u00f2mic de les Muntanyes de Prades<\/figcaption><\/figure><\/div>\n\n\n\n<p>Aquest dimecres 2 de mar\u00e7, el Parc Astron\u00f2mic de les Muntanyes de Prades ha presentat a la premsa i als allotjaments del territori dos nous espectacles de llum i so al centre de visitants que es va inaugurar l\u2019any 2020. L\u2019alcaldessa de Prades, L\u00eddia Bargas, ha exposat l\u2019estat del projecte de l&#8217;observatori astron\u00f2mic respectu\u00f3s amb l\u2019entorn al Pla de la Gu\u00e0rdia i l\u2019impacte del parc al territori. L\u2019Ajuntament de Prades i altres municipis de les Muntanyes de Prades i Montsant donen suport al projecte que genera un alt retorn econ\u00f2mic a la zona.<\/p>\n\n\n\n<p>L&#8217;any passat, el Parc Astron\u00f2mic Muntanyes de Prades <strong>va generar un impacte econ\u00f2mic al territori de 310.800\u20ac atraient a 5.180 visitants i generant sinergies amb diferents agents de la zona.<\/strong> El projecte va n\u00e9ixer l\u2019any 2016 de la m\u00e0 d\u2019Astroprades i l\u2019Ajuntament de Prades amb la voluntat d\u2019apropar la passi\u00f3 per l\u2019astronomia, la protecci\u00f3 dels cels foscos i la recerca cient\u00edfica a la societat. Tot plegat en el marc d\u2019un entorn natural incomparable per a l\u2019observaci\u00f3 astron\u00f2mica com s\u00f3n les Muntanyes de Prades i el Montsant que recentment han obtingut la certificaci\u00f3 de cel fosc protegit esdevenint la <strong>zona de cel fosc protegit m\u00e9s gran d&#8217;Europa al voltant d&#8217;un parc natural incloent 32 municipis de quatre comarques<\/strong>. Tamb\u00e9 s&#8217;ha rebut recentment la certificaci\u00f3 internacional de Destinaci\u00f3 Tur\u00edstica Starlight per part de 21 municipis que actuar\u00e0 d\u2019altaveu per atraure visitants de tot el m\u00f3n.<\/p>\n\n\n\n<p>Els dos nous espectacles d\u2019Astronomia s\u00f3n \u00fanics a Catalunya on la ci\u00e8ncia, la m\u00fasica i la llum es barregen per crear un nou format de divulgaci\u00f3 per a tots els p\u00fablics. Kosmos, tribut a Karl Sagan per a majors de 8 anys, i Selene, un trepidant viatge a la Lluna ple d\u2019aventures per al p\u00fablic familiar (a partir de 4 anys) estaran disponibles al p\u00fablic a partir d\u2019aquest divendres 4 de mar\u00e7. Els visitants un cop acabat l\u2019espectacle podran visionar una sessi\u00f3 al planetari i realitzar una observaci\u00f3 astron\u00f2mica. El Parc ha incorporat el m\u00fasic Gerard Mar\u00e7al com a director art\u00edstic i per a la realitzaci\u00f3 dels espectacles hi ha participat tamb\u00e9 el creador de contingut multim\u00e8dia i il\u00b7luminador Pau Vila.<\/p>\n\n\n\n<p><strong>Futur observatori astron\u00f2mic i cient\u00edfic respectu\u00f3s amb l\u2019entorn<\/strong><\/p>\n\n\n\n<p>La poblaci\u00f3 de Prades t\u00e9 dins el seu terme municipal un indret \u00fanic per a l\u2019observaci\u00f3 de l\u2019univers referent a tota la Pen\u00ednsula Ib\u00e8rica. Aquest indret \u00e9s el Pla de la Gu\u00e0rdia, un altipl\u00e0 situat a 1.130m sobre el nivell del mar amb unes condicions d\u2019estabilitat del cel i de la imatge (seeing astron\u00f2mic), foscor, climatologia i orografia que el fan \u00fanic per portar a terme projectes de recerca cient\u00edfica de primer nivell internacional. \u00c9s en aquest indret on s\u2019ubicar\u00e0 el futur observatori. El projecte ja compta amb la col\u00b7laboraci\u00f3 cient\u00edfica de l\u2019IAC (Institut d\u2019astrof\u00edsica de Canarias) i l\u2019IEEC (Institut d\u2019Estudis Espacials de Catalunya).<\/p>\n\n\n\n<p>El passat 6 d\u2019octubre, la Comissi\u00f3 Territorial d\u2019Urbanisme del Camp de Tarragona va aprovar la modificaci\u00f3 puntual de l\u00b4\u00fas del s\u00f2l no urbanitzable al Pla de la Gu\u00e0rdia a Prades on s\u2019ubicar\u00e0 l\u2019observatori respectu\u00f3s amb l\u2019entorn. La c\u00fapula no seria visible i nom\u00e9s s\u2019hi podria accedir amb un minib\u00fas el\u00e8ctric del parc minimitzant l\u2019impacte del centre al seu entorn. Ser\u00e0 un centre de recerca visitable \u00fanic a Europa.<\/p>\n\n\n\n<p>A principis d\u2019any, el municipi va rebre la visita de la presidenta de la Diputaci\u00f3 de Tarragona, Noem\u00ed Llaurador, en la qual va mostrar el seu suport al projecte de l\u2019observatori. S\u2019espera poder obtenir el finan\u00e7ament del projecte a trav\u00e9s de fons europeus. L\u2019observatori ser\u00e0 autosostenible econ\u00f2micament des del primer moment d\u2019obrir les portes.<\/p>\n\n\n\n<p><\/p>\n\n\n\n<figure class=\"wp-block-embed-instagram aligncenter wp-block-embed is-type-rich is-provider-instagram\"><div class=\"wp-block-embed__wrapper\">\n<blockquote class=\"instagram-media\" data-instgrm-captioned data-instgrm-permalink=\"https:\/\/www.instagram.com\/tv\/Cahlp_MNFWI\/?utm_source=ig_embed&amp;utm_campaign=loading\" data-instgrm-version=\"14\" style=\" background:#FFF; border:0; border-radius:3px; box-shadow:0 0 1px 0 rgba(0,0,0,0.5),0 1px 10px 0 rgba(0,0,0,0.15); margin: 1px; max-width:658px; min-width:326px; padding:0; width:99.375%; width:-webkit-calc(100% - 2px); width:calc(100% - 2px);\"><div style=\"padding:16px;\"> <a href=\"https:\/\/www.instagram.com\/tv\/Cahlp_MNFWI\/?utm_source=ig_embed&amp;utm_campaign=loading\" style=\" background:#FFFFFF; line-height:0; padding:0 0; text-align:center; text-decoration:none; width:100%;\" target=\"_blank\"> <div style=\" display: flex; flex-direction: row; align-items: center;\"> <div style=\"background-color: #F4F4F4; border-radius: 50%; flex-grow: 0; height: 40px; margin-right: 14px; width: 40px;\"><\/div> <div style=\"display: flex; flex-direction: column; flex-grow: 1; justify-content: center;\"> <div style=\" background-color: #F4F4F4; border-radius: 4px; flex-grow: 0; height: 14px; margin-bottom: 6px; width: 100px;\"><\/div> <div style=\" background-color: #F4F4F4; border-radius: 4px; flex-grow: 0; height: 14px; width: 60px;\"><\/div><\/div><\/div><div style=\"padding: 19% 0;\"><\/div> <div style=\"display:block; height:50px; margin:0 auto 12px; width:50px;\"><svg width=\"50px\" height=\"50px\" viewBox=\"0 0 60 60\" version=\"1.1\" xmlns=\"https:\/\/www.w3.org\/2000\/svg\" xmlns:xlink=\"https:\/\/www.w3.org\/1999\/xlink\"><g stroke=\"none\" stroke-width=\"1\" fill=\"none\" fill-rule=\"evenodd\"><g transform=\"translate(-511.000000, -20.000000)\" fill=\"#000000\"><g><path d=\"M556.869,30.41 C554.814,30.41 553.148,32.076 553.148,34.131 C553.148,36.186 554.814,37.852 556.869,37.852 C558.924,37.852 560.59,36.186 560.59,34.131 C560.59,32.076 558.924,30.41 556.869,30.41 M541,60.657 C535.114,60.657 530.342,55.887 530.342,50 C530.342,44.114 535.114,39.342 541,39.342 C546.887,39.342 551.658,44.114 551.658,50 C551.658,55.887 546.887,60.657 541,60.657 M541,33.886 C532.1,33.886 524.886,41.1 524.886,50 C524.886,58.899 532.1,66.113 541,66.113 C549.9,66.113 557.115,58.899 557.115,50 C557.115,41.1 549.9,33.886 541,33.886 M565.378,62.101 C565.244,65.022 564.756,66.606 564.346,67.663 C563.803,69.06 563.154,70.057 562.106,71.106 C561.058,72.155 560.06,72.803 558.662,73.347 C557.607,73.757 556.021,74.244 553.102,74.378 C549.944,74.521 548.997,74.552 541,74.552 C533.003,74.552 532.056,74.521 528.898,74.378 C525.979,74.244 524.393,73.757 523.338,73.347 C521.94,72.803 520.942,72.155 519.894,71.106 C518.846,70.057 518.197,69.06 517.654,67.663 C517.244,66.606 516.755,65.022 516.623,62.101 C516.479,58.943 516.448,57.996 516.448,50 C516.448,42.003 516.479,41.056 516.623,37.899 C516.755,34.978 517.244,33.391 517.654,32.338 C518.197,30.938 518.846,29.942 519.894,28.894 C520.942,27.846 521.94,27.196 523.338,26.654 C524.393,26.244 525.979,25.756 528.898,25.623 C532.057,25.479 533.004,25.448 541,25.448 C548.997,25.448 549.943,25.479 553.102,25.623 C556.021,25.756 557.607,26.244 558.662,26.654 C560.06,27.196 561.058,27.846 562.106,28.894 C563.154,29.942 563.803,30.938 564.346,32.338 C564.756,33.391 565.244,34.978 565.378,37.899 C565.522,41.056 565.552,42.003 565.552,50 C565.552,57.996 565.522,58.943 565.378,62.101 M570.82,37.631 C570.674,34.438 570.167,32.258 569.425,30.349 C568.659,28.377 567.633,26.702 565.965,25.035 C564.297,23.368 562.623,22.342 560.652,21.575 C558.743,20.834 556.562,20.326 553.369,20.18 C550.169,20.033 549.148,20 541,20 C532.853,20 531.831,20.033 528.631,20.18 C525.438,20.326 523.257,20.834 521.349,21.575 C519.376,22.342 517.703,23.368 516.035,25.035 C514.368,26.702 513.342,28.377 512.574,30.349 C511.834,32.258 511.326,34.438 511.181,37.631 C511.035,40.831 511,41.851 511,50 C511,58.147 511.035,59.17 511.181,62.369 C511.326,65.562 511.834,67.743 512.574,69.651 C513.342,71.625 514.368,73.296 516.035,74.965 C517.703,76.634 519.376,77.658 521.349,78.425 C523.257,79.167 525.438,79.673 528.631,79.82 C531.831,79.965 532.853,80.001 541,80.001 C549.148,80.001 550.169,79.965 553.369,79.82 C556.562,79.673 558.743,79.167 560.652,78.425 C562.623,77.658 564.297,76.634 565.965,74.965 C567.633,73.296 568.659,71.625 569.425,69.651 C570.167,67.743 570.674,65.562 570.82,62.369 C570.966,59.17 571,58.147 571,50 C571,41.851 570.966,40.831 570.82,37.631\"><\/path><\/g><\/g><\/g><\/svg><\/div><div style=\"padding-top: 8px;\"> <div style=\" color:#3897f0; font-family:Arial,sans-serif; font-size:14px; font-style:normal; font-weight:550; line-height:18px;\">View this post on Instagram<\/div><\/div><div style=\"padding: 12.5% 0;\"><\/div> <div style=\"display: flex; flex-direction: row; margin-bottom: 14px; align-items: center;\"><div> <div style=\"background-color: #F4F4F4; border-radius: 50%; height: 12.5px; width: 12.5px; transform: translateX(0px) translateY(7px);\"><\/div> <div style=\"background-color: #F4F4F4; height: 12.5px; transform: rotate(-45deg) translateX(3px) translateY(1px); width: 12.5px; flex-grow: 0; margin-right: 14px; margin-left: 2px;\"><\/div> <div style=\"background-color: #F4F4F4; border-radius: 50%; height: 12.5px; width: 12.5px; transform: translateX(9px) translateY(-18px);\"><\/div><\/div><div style=\"margin-left: 8px;\"> <div style=\" background-color: #F4F4F4; border-radius: 50%; flex-grow: 0; height: 20px; width: 20px;\"><\/div> <div style=\" width: 0; height: 0; border-top: 2px solid transparent; border-left: 6px solid #f4f4f4; border-bottom: 2px solid transparent; transform: translateX(16px) translateY(-4px) rotate(30deg)\"><\/div><\/div><div style=\"margin-left: auto;\"> <div style=\" width: 0px; border-top: 8px solid #F4F4F4; border-right: 8px solid transparent; transform: translateY(16px);\"><\/div> <div style=\" background-color: #F4F4F4; flex-grow: 0; height: 12px; width: 16px; transform: translateY(-4px);\"><\/div> <div style=\" width: 0; height: 0; border-top: 8px solid #F4F4F4; border-left: 8px solid transparent; transform: translateY(-4px) translateX(8px);\"><\/div><\/div><\/div> <div style=\"display: flex; flex-direction: column; flex-grow: 1; justify-content: center; margin-bottom: 24px;\"> <div style=\" background-color: #F4F4F4; border-radius: 4px; flex-grow: 0; height: 14px; margin-bottom: 6px; width: 224px;\"><\/div> <div style=\" background-color: #F4F4F4; border-radius: 4px; flex-grow: 0; height: 14px; width: 144px;\"><\/div><\/div><\/a><p style=\" color:#c9c8cd; font-family:Arial,sans-serif; font-size:14px; line-height:17px; margin-bottom:0; margin-top:8px; overflow:hidden; padding:8px 0 7px; text-align:center; text-overflow:ellipsis; white-space:nowrap;\"><a href=\"https:\/\/www.instagram.com\/tv\/Cahlp_MNFWI\/?utm_source=ig_embed&amp;utm_campaign=loading\" style=\" color:#c9c8cd; font-family:Arial,sans-serif; font-size:14px; font-style:normal; font-weight:normal; line-height:17px; text-decoration:none;\" target=\"_blank\">A post shared by Parc Astrono\u0300mic M. Prades (@parcastroprades)<\/a><\/p><\/div><\/blockquote><script async src=\"\/\/www.instagram.com\/embed.js\"><\/script>\n<\/div><\/figure>\n\n\n\n<figure class=\"wp-block-embed-instagram wp-block-embed is-type-rich is-provider-instagram\"><div class=\"wp-block-embed__wrapper\">\n<blockquote class=\"instagram-media\" data-instgrm-captioned data-instgrm-permalink=\"https:\/\/www.instagram.com\/tv\/CamwGRVL7tk\/?utm_source=ig_embed&amp;utm_campaign=loading\" data-instgrm-version=\"14\" style=\" background:#FFF; border:0; border-radius:3px; box-shadow:0 0 1px 0 rgba(0,0,0,0.5),0 1px 10px 0 rgba(0,0,0,0.15); margin: 1px; max-width:658px; min-width:326px; padding:0; width:99.375%; width:-webkit-calc(100% - 2px); width:calc(100% - 2px);\"><div style=\"padding:16px;\"> <a href=\"https:\/\/www.instagram.com\/tv\/CamwGRVL7tk\/?utm_source=ig_embed&amp;utm_campaign=loading\" style=\" background:#FFFFFF; line-height:0; padding:0 0; text-align:center; text-decoration:none; width:100%;\" target=\"_blank\"> <div style=\" display: flex; flex-direction: row; align-items: center;\"> <div style=\"background-color: #F4F4F4; border-radius: 50%; flex-grow: 0; height: 40px; margin-right: 14px; width: 40px;\"><\/div> <div style=\"display: flex; flex-direction: column; flex-grow: 1; justify-content: center;\"> <div style=\" background-color: #F4F4F4; border-radius: 4px; flex-grow: 0; height: 14px; margin-bottom: 6px; width: 100px;\"><\/div> <div style=\" background-color: #F4F4F4; border-radius: 4px; flex-grow: 0; height: 14px; width: 60px;\"><\/div><\/div><\/div><div style=\"padding: 19% 0;\"><\/div> <div style=\"display:block; height:50px; margin:0 auto 12px; width:50px;\"><svg width=\"50px\" height=\"50px\" viewBox=\"0 0 60 60\" version=\"1.1\" xmlns=\"https:\/\/www.w3.org\/2000\/svg\" xmlns:xlink=\"https:\/\/www.w3.org\/1999\/xlink\"><g stroke=\"none\" stroke-width=\"1\" fill=\"none\" fill-rule=\"evenodd\"><g transform=\"translate(-511.000000, -20.000000)\" fill=\"#000000\"><g><path d=\"M556.869,30.41 C554.814,30.41 553.148,32.076 553.148,34.131 C553.148,36.186 554.814,37.852 556.869,37.852 C558.924,37.852 560.59,36.186 560.59,34.131 C560.59,32.076 558.924,30.41 556.869,30.41 M541,60.657 C535.114,60.657 530.342,55.887 530.342,50 C530.342,44.114 535.114,39.342 541,39.342 C546.887,39.342 551.658,44.114 551.658,50 C551.658,55.887 546.887,60.657 541,60.657 M541,33.886 C532.1,33.886 524.886,41.1 524.886,50 C524.886,58.899 532.1,66.113 541,66.113 C549.9,66.113 557.115,58.899 557.115,50 C557.115,41.1 549.9,33.886 541,33.886 M565.378,62.101 C565.244,65.022 564.756,66.606 564.346,67.663 C563.803,69.06 563.154,70.057 562.106,71.106 C561.058,72.155 560.06,72.803 558.662,73.347 C557.607,73.757 556.021,74.244 553.102,74.378 C549.944,74.521 548.997,74.552 541,74.552 C533.003,74.552 532.056,74.521 528.898,74.378 C525.979,74.244 524.393,73.757 523.338,73.347 C521.94,72.803 520.942,72.155 519.894,71.106 C518.846,70.057 518.197,69.06 517.654,67.663 C517.244,66.606 516.755,65.022 516.623,62.101 C516.479,58.943 516.448,57.996 516.448,50 C516.448,42.003 516.479,41.056 516.623,37.899 C516.755,34.978 517.244,33.391 517.654,32.338 C518.197,30.938 518.846,29.942 519.894,28.894 C520.942,27.846 521.94,27.196 523.338,26.654 C524.393,26.244 525.979,25.756 528.898,25.623 C532.057,25.479 533.004,25.448 541,25.448 C548.997,25.448 549.943,25.479 553.102,25.623 C556.021,25.756 557.607,26.244 558.662,26.654 C560.06,27.196 561.058,27.846 562.106,28.894 C563.154,29.942 563.803,30.938 564.346,32.338 C564.756,33.391 565.244,34.978 565.378,37.899 C565.522,41.056 565.552,42.003 565.552,50 C565.552,57.996 565.522,58.943 565.378,62.101 M570.82,37.631 C570.674,34.438 570.167,32.258 569.425,30.349 C568.659,28.377 567.633,26.702 565.965,25.035 C564.297,23.368 562.623,22.342 560.652,21.575 C558.743,20.834 556.562,20.326 553.369,20.18 C550.169,20.033 549.148,20 541,20 C532.853,20 531.831,20.033 528.631,20.18 C525.438,20.326 523.257,20.834 521.349,21.575 C519.376,22.342 517.703,23.368 516.035,25.035 C514.368,26.702 513.342,28.377 512.574,30.349 C511.834,32.258 511.326,34.438 511.181,37.631 C511.035,40.831 511,41.851 511,50 C511,58.147 511.035,59.17 511.181,62.369 C511.326,65.562 511.834,67.743 512.574,69.651 C513.342,71.625 514.368,73.296 516.035,74.965 C517.703,76.634 519.376,77.658 521.349,78.425 C523.257,79.167 525.438,79.673 528.631,79.82 C531.831,79.965 532.853,80.001 541,80.001 C549.148,80.001 550.169,79.965 553.369,79.82 C556.562,79.673 558.743,79.167 560.652,78.425 C562.623,77.658 564.297,76.634 565.965,74.965 C567.633,73.296 568.659,71.625 569.425,69.651 C570.167,67.743 570.674,65.562 570.82,62.369 C570.966,59.17 571,58.147 571,50 C571,41.851 570.966,40.831 570.82,37.631\"><\/path><\/g><\/g><\/g><\/svg><\/div><div style=\"padding-top: 8px;\"> <div style=\" color:#3897f0; font-family:Arial,sans-serif; font-size:14px; font-style:normal; font-weight:550; line-height:18px;\">View this post on Instagram<\/div><\/div><div style=\"padding: 12.5% 0;\"><\/div> <div style=\"display: flex; flex-direction: row; margin-bottom: 14px; align-items: center;\"><div> <div style=\"background-color: #F4F4F4; border-radius: 50%; height: 12.5px; width: 12.5px; transform: translateX(0px) translateY(7px);\"><\/div> <div style=\"background-color: #F4F4F4; height: 12.5px; transform: rotate(-45deg) translateX(3px) translateY(1px); width: 12.5px; flex-grow: 0; margin-right: 14px; margin-left: 2px;\"><\/div> <div style=\"background-color: #F4F4F4; border-radius: 50%; height: 12.5px; width: 12.5px; transform: translateX(9px) translateY(-18px);\"><\/div><\/div><div style=\"margin-left: 8px;\"> <div style=\" background-color: #F4F4F4; border-radius: 50%; flex-grow: 0; height: 20px; width: 20px;\"><\/div> <div style=\" width: 0; height: 0; border-top: 2px solid transparent; border-left: 6px solid #f4f4f4; border-bottom: 2px solid transparent; transform: translateX(16px) translateY(-4px) rotate(30deg)\"><\/div><\/div><div style=\"margin-left: auto;\"> <div style=\" width: 0px; border-top: 8px solid #F4F4F4; border-right: 8px solid transparent; transform: translateY(16px);\"><\/div> <div style=\" background-color: #F4F4F4; flex-grow: 0; height: 12px; width: 16px; transform: translateY(-4px);\"><\/div> <div style=\" width: 0; height: 0; border-top: 8px solid #F4F4F4; border-left: 8px solid transparent; transform: translateY(-4px) translateX(8px);\"><\/div><\/div><\/div> <div style=\"display: flex; flex-direction: column; flex-grow: 1; justify-content: center; margin-bottom: 24px;\"> <div style=\" background-color: #F4F4F4; border-radius: 4px; flex-grow: 0; height: 14px; margin-bottom: 6px; width: 224px;\"><\/div> <div style=\" background-color: #F4F4F4; border-radius: 4px; flex-grow: 0; height: 14px; width: 144px;\"><\/div><\/div><\/a><p style=\" color:#c9c8cd; font-family:Arial,sans-serif; font-size:14px; line-height:17px; margin-bottom:0; margin-top:8px; overflow:hidden; padding:8px 0 7px; text-align:center; text-overflow:ellipsis; white-space:nowrap;\"><a href=\"https:\/\/www.instagram.com\/tv\/CamwGRVL7tk\/?utm_source=ig_embed&amp;utm_campaign=loading\" style=\" color:#c9c8cd; font-family:Arial,sans-serif; font-size:14px; font-style:normal; font-weight:normal; line-height:17px; text-decoration:none;\" target=\"_blank\">A post shared by Oficina de Turisme de Prades (@pradesturisme)<\/a><\/p><\/div><\/blockquote><script async src=\"\/\/www.instagram.com\/embed.js\"><\/script>\n<\/div><\/figure>\n\n\n\n<figure class=\"wp-block-embed-instagram wp-block-embed is-type-rich is-provider-instagram\"><div class=\"wp-block-embed__wrapper\">\n<blockquote class=\"instagram-media\" data-instgrm-captioned data-instgrm-permalink=\"https:\/\/www.instagram.com\/tv\/Canbq77M20D\/?utm_source=ig_embed&amp;utm_campaign=loading\" data-instgrm-version=\"14\" style=\" background:#FFF; border:0; border-radius:3px; box-shadow:0 0 1px 0 rgba(0,0,0,0.5),0 1px 10px 0 rgba(0,0,0,0.15); margin: 1px; max-width:658px; min-width:326px; padding:0; width:99.375%; width:-webkit-calc(100% - 2px); width:calc(100% - 2px);\"><div style=\"padding:16px;\"> <a href=\"https:\/\/www.instagram.com\/tv\/Canbq77M20D\/?utm_source=ig_embed&amp;utm_campaign=loading\" style=\" background:#FFFFFF; line-height:0; padding:0 0; text-align:center; text-decoration:none; width:100%;\" target=\"_blank\"> <div style=\" display: flex; flex-direction: row; align-items: center;\"> <div style=\"background-color: #F4F4F4; border-radius: 50%; flex-grow: 0; height: 40px; margin-right: 14px; width: 40px;\"><\/div> <div style=\"display: flex; flex-direction: column; flex-grow: 1; justify-content: center;\"> <div style=\" background-color: #F4F4F4; border-radius: 4px; flex-grow: 0; height: 14px; margin-bottom: 6px; width: 100px;\"><\/div> <div style=\" background-color: #F4F4F4; border-radius: 4px; flex-grow: 0; height: 14px; width: 60px;\"><\/div><\/div><\/div><div style=\"padding: 19% 0;\"><\/div> <div style=\"display:block; height:50px; margin:0 auto 12px; width:50px;\"><svg width=\"50px\" height=\"50px\" viewBox=\"0 0 60 60\" version=\"1.1\" xmlns=\"https:\/\/www.w3.org\/2000\/svg\" xmlns:xlink=\"https:\/\/www.w3.org\/1999\/xlink\"><g stroke=\"none\" stroke-width=\"1\" fill=\"none\" fill-rule=\"evenodd\"><g transform=\"translate(-511.000000, -20.000000)\" fill=\"#000000\"><g><path d=\"M556.869,30.41 C554.814,30.41 553.148,32.076 553.148,34.131 C553.148,36.186 554.814,37.852 556.869,37.852 C558.924,37.852 560.59,36.186 560.59,34.131 C560.59,32.076 558.924,30.41 556.869,30.41 M541,60.657 C535.114,60.657 530.342,55.887 530.342,50 C530.342,44.114 535.114,39.342 541,39.342 C546.887,39.342 551.658,44.114 551.658,50 C551.658,55.887 546.887,60.657 541,60.657 M541,33.886 C532.1,33.886 524.886,41.1 524.886,50 C524.886,58.899 532.1,66.113 541,66.113 C549.9,66.113 557.115,58.899 557.115,50 C557.115,41.1 549.9,33.886 541,33.886 M565.378,62.101 C565.244,65.022 564.756,66.606 564.346,67.663 C563.803,69.06 563.154,70.057 562.106,71.106 C561.058,72.155 560.06,72.803 558.662,73.347 C557.607,73.757 556.021,74.244 553.102,74.378 C549.944,74.521 548.997,74.552 541,74.552 C533.003,74.552 532.056,74.521 528.898,74.378 C525.979,74.244 524.393,73.757 523.338,73.347 C521.94,72.803 520.942,72.155 519.894,71.106 C518.846,70.057 518.197,69.06 517.654,67.663 C517.244,66.606 516.755,65.022 516.623,62.101 C516.479,58.943 516.448,57.996 516.448,50 C516.448,42.003 516.479,41.056 516.623,37.899 C516.755,34.978 517.244,33.391 517.654,32.338 C518.197,30.938 518.846,29.942 519.894,28.894 C520.942,27.846 521.94,27.196 523.338,26.654 C524.393,26.244 525.979,25.756 528.898,25.623 C532.057,25.479 533.004,25.448 541,25.448 C548.997,25.448 549.943,25.479 553.102,25.623 C556.021,25.756 557.607,26.244 558.662,26.654 C560.06,27.196 561.058,27.846 562.106,28.894 C563.154,29.942 563.803,30.938 564.346,32.338 C564.756,33.391 565.244,34.978 565.378,37.899 C565.522,41.056 565.552,42.003 565.552,50 C565.552,57.996 565.522,58.943 565.378,62.101 M570.82,37.631 C570.674,34.438 570.167,32.258 569.425,30.349 C568.659,28.377 567.633,26.702 565.965,25.035 C564.297,23.368 562.623,22.342 560.652,21.575 C558.743,20.834 556.562,20.326 553.369,20.18 C550.169,20.033 549.148,20 541,20 C532.853,20 531.831,20.033 528.631,20.18 C525.438,20.326 523.257,20.834 521.349,21.575 C519.376,22.342 517.703,23.368 516.035,25.035 C514.368,26.702 513.342,28.377 512.574,30.349 C511.834,32.258 511.326,34.438 511.181,37.631 C511.035,40.831 511,41.851 511,50 C511,58.147 511.035,59.17 511.181,62.369 C511.326,65.562 511.834,67.743 512.574,69.651 C513.342,71.625 514.368,73.296 516.035,74.965 C517.703,76.634 519.376,77.658 521.349,78.425 C523.257,79.167 525.438,79.673 528.631,79.82 C531.831,79.965 532.853,80.001 541,80.001 C549.148,80.001 550.169,79.965 553.369,79.82 C556.562,79.673 558.743,79.167 560.652,78.425 C562.623,77.658 564.297,76.634 565.965,74.965 C567.633,73.296 568.659,71.625 569.425,69.651 C570.167,67.743 570.674,65.562 570.82,62.369 C570.966,59.17 571,58.147 571,50 C571,41.851 570.966,40.831 570.82,37.631\"><\/path><\/g><\/g><\/g><\/svg><\/div><div style=\"padding-top: 8px;\"> <div style=\" color:#3897f0; font-family:Arial,sans-serif; font-size:14px; font-style:normal; font-weight:550; line-height:18px;\">View this post on Instagram<\/div><\/div><div style=\"padding: 12.5% 0;\"><\/div> <div style=\"display: flex; flex-direction: row; margin-bottom: 14px; align-items: center;\"><div> <div style=\"background-color: #F4F4F4; border-radius: 50%; height: 12.5px; width: 12.5px; transform: translateX(0px) translateY(7px);\"><\/div> <div style=\"background-color: #F4F4F4; height: 12.5px; transform: rotate(-45deg) translateX(3px) translateY(1px); width: 12.5px; flex-grow: 0; margin-right: 14px; margin-left: 2px;\"><\/div> <div style=\"background-color: #F4F4F4; border-radius: 50%; height: 12.5px; width: 12.5px; transform: translateX(9px) translateY(-18px);\"><\/div><\/div><div style=\"margin-left: 8px;\"> <div style=\" background-color: #F4F4F4; border-radius: 50%; flex-grow: 0; height: 20px; width: 20px;\"><\/div> <div style=\" width: 0; height: 0; border-top: 2px solid transparent; border-left: 6px solid #f4f4f4; border-bottom: 2px solid transparent; transform: translateX(16px) translateY(-4px) rotate(30deg)\"><\/div><\/div><div style=\"margin-left: auto;\"> <div style=\" width: 0px; border-top: 8px solid #F4F4F4; border-right: 8px solid transparent; transform: translateY(16px);\"><\/div> <div style=\" background-color: #F4F4F4; flex-grow: 0; height: 12px; width: 16px; transform: translateY(-4px);\"><\/div> <div style=\" width: 0; height: 0; border-top: 8px solid #F4F4F4; border-left: 8px solid transparent; transform: translateY(-4px) translateX(8px);\"><\/div><\/div><\/div> <div style=\"display: flex; flex-direction: column; flex-grow: 1; justify-content: center; margin-bottom: 24px;\"> <div style=\" background-color: #F4F4F4; border-radius: 4px; flex-grow: 0; height: 14px; margin-bottom: 6px; width: 224px;\"><\/div> <div style=\" background-color: #F4F4F4; border-radius: 4px; flex-grow: 0; height: 14px; width: 144px;\"><\/div><\/div><\/a><p style=\" color:#c9c8cd; font-family:Arial,sans-serif; font-size:14px; line-height:17px; margin-bottom:0; margin-top:8px; overflow:hidden; padding:8px 0 7px; text-align:center; text-overflow:ellipsis; white-space:nowrap;\"><a href=\"https:\/\/www.instagram.com\/tv\/Canbq77M20D\/?utm_source=ig_embed&amp;utm_campaign=loading\" style=\" color:#c9c8cd; font-family:Arial,sans-serif; font-size:14px; font-style:normal; font-weight:normal; line-height:17px; text-decoration:none;\" target=\"_blank\">A post shared by Parc Astrono\u0300mic M. Prades (@parcastroprades)<\/a><\/p><\/div><\/blockquote><script async src=\"\/\/www.instagram.com\/embed.js\"><\/script>\n<\/div><\/figure>\n\n\n\n<div class=\"wp-block-file aligncenter\"><a href=\"https:\/\/prades.cat\/wp-content\/uploads\/2022\/03\/NDP102-02032022-Nous-espectacles-al-parc-astronomic.docx\"><br><br>Descarregar Nota de premsa en word<br><\/a><a href=\"https:\/\/prades.cat\/wp-content\/uploads\/2022\/03\/NDP102-02032022-Nous-espectacles-al-parc-astronomic.docx\" class=\"wp-block-file__button\" download>Baixa<\/a><\/div>\n\n\n\n<div class=\"wp-block-image\"><figure class=\"aligncenter size-large is-resized\"><a href=\"https:\/\/prades.cat\/wp-content\/uploads\/2022\/03\/NDP102-02032022-Nous-espectacles-al-parc-astronomic.docx\" target=\"_blank\" rel=\"noopener noreferrer\"><img decoding=\"async\" loading=\"lazy\" src=\"https:\/\/prades.cat\/wp-content\/uploads\/2022\/03\/microsoft-word-g3dc8197be_640.png\" alt=\"\" class=\"wp-image-6949\" width=\"187\" height=\"171\" srcset=\"https:\/\/prades.cat\/wp-content\/uploads\/2022\/03\/microsoft-word-g3dc8197be_640.png 640w, https:\/\/prades.cat\/wp-content\/uploads\/2022\/03\/microsoft-word-g3dc8197be_640-300x275.png 300w\" sizes=\"(max-width: 187px) 100vw, 187px\" \/><\/a><\/figure><\/div>\n","protected":false},"excerpt":{"rendered":"<p>Aquest dimecres 2 de mar\u00e7, el Parc Astron\u00f2mic de les Muntanyes de Prades ha presentat a la premsa i als allotjaments del territori dos nous espectacles de llum i so al centre de visitants que es va inaugurar l\u2019any 2020. L\u2019alcaldessa de Prades, L\u00eddia Bargas,&#8230;<\/p>\n","protected":false},"author":1,"featured_media":6939,"comment_status":"closed","ping_status":"closed","sticky":false,"template":"","format":"standard","meta":{"footnotes":""},"categories":[5,27],"tags":[],"acf":[],"yoast_head":"<!-- This site is optimized with the Yoast SEO plugin v22.6 - https:\/\/yoast.com\/wordpress\/plugins\/seo\/ -->\n<title>Estrena de nous espectacles al Parc Astron\u00f2mic de les Muntanyes de Prades - Prades<\/title>\n<meta name=\"robots\" content=\"index, follow, max-snippet:-1, max-image-preview:large, max-video-preview:-1\" \/>\n<link rel=\"canonical\" href=\"https:\/\/prades.cat\/es\/notes-de-premsa\/estrena-de-nous-espectacles-al-parc-astronomic-de-les-muntanyes-de-prades\/\" \/>\n<meta property=\"og:locale\" content=\"es_ES\" \/>\n<meta property=\"og:type\" content=\"article\" \/>\n<meta property=\"og:title\" content=\"Estrena de nous espectacles al Parc Astron\u00f2mic de les Muntanyes de Prades - Prades\" \/>\n<meta property=\"og:description\" content=\"Aquest dimecres 2 de mar\u00e7, el Parc Astron\u00f2mic de les Muntanyes de Prades ha presentat a la premsa i als allotjaments del territori dos nous espectacles de llum i so al centre de visitants que es va inaugurar l\u2019any 2020. L\u2019alcaldessa de Prades, L\u00eddia Bargas,...\" \/>\n<meta property=\"og:url\" content=\"https:\/\/prades.cat\/es\/notes-de-premsa\/estrena-de-nous-espectacles-al-parc-astronomic-de-les-muntanyes-de-prades\/\" \/>\n<meta property=\"og:site_name\" content=\"Prades\" \/>\n<meta property=\"article:published_time\" content=\"2022-03-02T08:04:11+00:00\" \/>\n<meta property=\"article:modified_time\" content=\"2022-03-03T11:36:45+00:00\" \/>\n<meta property=\"og:image\" content=\"https:\/\/prades.cat\/wp-content\/uploads\/2022\/03\/WhatsApp-Image-2022-03-02-at-9.11.28-AM.jpeg\" \/>\n\t<meta property=\"og:image:width\" content=\"2048\" \/>\n\t<meta property=\"og:image:height\" content=\"1536\" \/>\n\t<meta property=\"og:image:type\" content=\"image\/jpeg\" \/>\n<meta name=\"author\" content=\"prades\" \/>\n<meta name=\"twitter:card\" content=\"summary_large_image\" \/>\n<meta name=\"twitter:label1\" content=\"Escrito por\" \/>\n\t<meta name=\"twitter:data1\" content=\"prades\" \/>\n\t<meta name=\"twitter:label2\" content=\"Tiempo de lectura\" \/>\n\t<meta name=\"twitter:data2\" content=\"4 minutos\" \/>\n<script type=\"application\/ld+json\" class=\"yoast-schema-graph\">{\"@context\":\"https:\/\/schema.org\",\"@graph\":[{\"@type\":\"WebPage\",\"@id\":\"https:\/\/prades.cat\/es\/notes-de-premsa\/estrena-de-nous-espectacles-al-parc-astronomic-de-les-muntanyes-de-prades\/\",\"url\":\"https:\/\/prades.cat\/es\/notes-de-premsa\/estrena-de-nous-espectacles-al-parc-astronomic-de-les-muntanyes-de-prades\/\",\"name\":\"Estrena de nous espectacles al Parc Astron\u00f2mic de les Muntanyes de Prades - Prades\",\"isPartOf\":{\"@id\":\"https:\/\/prades.cat\/es\/#website\"},\"primaryImageOfPage\":{\"@id\":\"https:\/\/prades.cat\/es\/notes-de-premsa\/estrena-de-nous-espectacles-al-parc-astronomic-de-les-muntanyes-de-prades\/#primaryimage\"},\"image\":{\"@id\":\"https:\/\/prades.cat\/es\/notes-de-premsa\/estrena-de-nous-espectacles-al-parc-astronomic-de-les-muntanyes-de-prades\/#primaryimage\"},\"thumbnailUrl\":\"https:\/\/prades.cat\/wp-content\/uploads\/2022\/03\/WhatsApp-Image-2022-03-02-at-9.11.28-AM.jpeg\",\"datePublished\":\"2022-03-02T08:04:11+00:00\",\"dateModified\":\"2022-03-03T11:36:45+00:00\",\"author\":{\"@id\":\"https:\/\/prades.cat\/es\/#\/schema\/person\/bb3b528c79ba4d250c07c52ff2e9f36c\"},\"breadcrumb\":{\"@id\":\"https:\/\/prades.cat\/es\/notes-de-premsa\/estrena-de-nous-espectacles-al-parc-astronomic-de-les-muntanyes-de-prades\/#breadcrumb\"},\"inLanguage\":\"es\",\"potentialAction\":[{\"@type\":\"ReadAction\",\"target\":[\"https:\/\/prades.cat\/es\/notes-de-premsa\/estrena-de-nous-espectacles-al-parc-astronomic-de-les-muntanyes-de-prades\/\"]}]},{\"@type\":\"ImageObject\",\"inLanguage\":\"es\",\"@id\":\"https:\/\/prades.cat\/es\/notes-de-premsa\/estrena-de-nous-espectacles-al-parc-astronomic-de-les-muntanyes-de-prades\/#primaryimage\",\"url\":\"https:\/\/prades.cat\/wp-content\/uploads\/2022\/03\/WhatsApp-Image-2022-03-02-at-9.11.28-AM.jpeg\",\"contentUrl\":\"https:\/\/prades.cat\/wp-content\/uploads\/2022\/03\/WhatsApp-Image-2022-03-02-at-9.11.28-AM.jpeg\",\"width\":2048,\"height\":1536},{\"@type\":\"BreadcrumbList\",\"@id\":\"https:\/\/prades.cat\/es\/notes-de-premsa\/estrena-de-nous-espectacles-al-parc-astronomic-de-les-muntanyes-de-prades\/#breadcrumb\",\"itemListElement\":[{\"@type\":\"ListItem\",\"position\":1,\"name\":\"Inici\",\"item\":\"https:\/\/prades.cat\/es\/\"},{\"@type\":\"ListItem\",\"position\":2,\"name\":\"Estrena de nous espectacles al Parc Astron\u00f2mic de les Muntanyes de Prades\"}]},{\"@type\":\"WebSite\",\"@id\":\"https:\/\/prades.cat\/es\/#website\",\"url\":\"https:\/\/prades.cat\/es\/\",\"name\":\"Prades\",\"description\":\"Web de l&#039;Ajuntament de Prades\",\"potentialAction\":[{\"@type\":\"SearchAction\",\"target\":{\"@type\":\"EntryPoint\",\"urlTemplate\":\"https:\/\/prades.cat\/es\/?s={search_term_string}\"},\"query-input\":\"required name=search_term_string\"}],\"inLanguage\":\"es\"},{\"@type\":\"Person\",\"@id\":\"https:\/\/prades.cat\/es\/#\/schema\/person\/bb3b528c79ba4d250c07c52ff2e9f36c\",\"name\":\"prades\",\"image\":{\"@type\":\"ImageObject\",\"inLanguage\":\"es\",\"@id\":\"https:\/\/prades.cat\/es\/#\/schema\/person\/image\/\",\"url\":\"https:\/\/secure.gravatar.com\/avatar\/4da81faf6e00158cd344bd6f5f1b626e?s=96&d=mm&r=g\",\"contentUrl\":\"https:\/\/secure.gravatar.com\/avatar\/4da81faf6e00158cd344bd6f5f1b626e?s=96&d=mm&r=g\",\"caption\":\"prades\"},\"url\":\"https:\/\/prades.cat\/es\/author\/prades\/\"}]}<\/script>\n<!-- \/ Yoast SEO plugin. -->","yoast_head_json":{"title":"Estrena de nous espectacles al Parc Astron\u00f2mic de les Muntanyes de Prades - Prades","robots":{"index":"index","follow":"follow","max-snippet":"max-snippet:-1","max-image-preview":"max-image-preview:large","max-video-preview":"max-video-preview:-1"},"canonical":"https:\/\/prades.cat\/es\/notes-de-premsa\/estrena-de-nous-espectacles-al-parc-astronomic-de-les-muntanyes-de-prades\/","og_locale":"es_ES","og_type":"article","og_title":"Estrena de nous espectacles al Parc Astron\u00f2mic de les Muntanyes de Prades - Prades","og_description":"Aquest dimecres 2 de mar\u00e7, el Parc Astron\u00f2mic de les Muntanyes de Prades ha presentat a la premsa i als allotjaments del territori dos nous espectacles de llum i so al centre de visitants que es va inaugurar l\u2019any 2020. L\u2019alcaldessa de Prades, L\u00eddia Bargas,...","og_url":"https:\/\/prades.cat\/es\/notes-de-premsa\/estrena-de-nous-espectacles-al-parc-astronomic-de-les-muntanyes-de-prades\/","og_site_name":"Prades","article_published_time":"2022-03-02T08:04:11+00:00","article_modified_time":"2022-03-03T11:36:45+00:00","og_image":[{"width":2048,"height":1536,"url":"https:\/\/prades.cat\/wp-content\/uploads\/2022\/03\/WhatsApp-Image-2022-03-02-at-9.11.28-AM.jpeg","type":"image\/jpeg"}],"author":"prades","twitter_card":"summary_large_image","twitter_misc":{"Escrito por":"prades","Tiempo de lectura":"4 minutos"},"schema":{"@context":"https:\/\/schema.org","@graph":[{"@type":"WebPage","@id":"https:\/\/prades.cat\/es\/notes-de-premsa\/estrena-de-nous-espectacles-al-parc-astronomic-de-les-muntanyes-de-prades\/","url":"https:\/\/prades.cat\/es\/notes-de-premsa\/estrena-de-nous-espectacles-al-parc-astronomic-de-les-muntanyes-de-prades\/","name":"Estrena de nous espectacles al Parc Astron\u00f2mic de les Muntanyes de Prades - Prades","isPartOf":{"@id":"https:\/\/prades.cat\/es\/#website"},"primaryImageOfPage":{"@id":"https:\/\/prades.cat\/es\/notes-de-premsa\/estrena-de-nous-espectacles-al-parc-astronomic-de-les-muntanyes-de-prades\/#primaryimage"},"image":{"@id":"https:\/\/prades.cat\/es\/notes-de-premsa\/estrena-de-nous-espectacles-al-parc-astronomic-de-les-muntanyes-de-prades\/#primaryimage"},"thumbnailUrl":"https:\/\/prades.cat\/wp-content\/uploads\/2022\/03\/WhatsApp-Image-2022-03-02-at-9.11.28-AM.jpeg","datePublished":"2022-03-02T08:04:11+00:00","dateModified":"2022-03-03T11:36:45+00:00","author":{"@id":"https:\/\/prades.cat\/es\/#\/schema\/person\/bb3b528c79ba4d250c07c52ff2e9f36c"},"breadcrumb":{"@id":"https:\/\/prades.cat\/es\/notes-de-premsa\/estrena-de-nous-espectacles-al-parc-astronomic-de-les-muntanyes-de-prades\/#breadcrumb"},"inLanguage":"es","potentialAction":[{"@type":"ReadAction","target":["https:\/\/prades.cat\/es\/notes-de-premsa\/estrena-de-nous-espectacles-al-parc-astronomic-de-les-muntanyes-de-prades\/"]}]},{"@type":"ImageObject","inLanguage":"es","@id":"https:\/\/prades.cat\/es\/notes-de-premsa\/estrena-de-nous-espectacles-al-parc-astronomic-de-les-muntanyes-de-prades\/#primaryimage","url":"https:\/\/prades.cat\/wp-content\/uploads\/2022\/03\/WhatsApp-Image-2022-03-02-at-9.11.28-AM.jpeg","contentUrl":"https:\/\/prades.cat\/wp-content\/uploads\/2022\/03\/WhatsApp-Image-2022-03-02-at-9.11.28-AM.jpeg","width":2048,"height":1536},{"@type":"BreadcrumbList","@id":"https:\/\/prades.cat\/es\/notes-de-premsa\/estrena-de-nous-espectacles-al-parc-astronomic-de-les-muntanyes-de-prades\/#breadcrumb","itemListElement":[{"@type":"ListItem","position":1,"name":"Inici","item":"https:\/\/prades.cat\/es\/"},{"@type":"ListItem","position":2,"name":"Estrena de nous espectacles al Parc Astron\u00f2mic de les Muntanyes de Prades"}]},{"@type":"WebSite","@id":"https:\/\/prades.cat\/es\/#website","url":"https:\/\/prades.cat\/es\/","name":"Prades","description":"Web de l&#039;Ajuntament de Prades","potentialAction":[{"@type":"SearchAction","target":{"@type":"EntryPoint","urlTemplate":"https:\/\/prades.cat\/es\/?s={search_term_string}"},"query-input":"required name=search_term_string"}],"inLanguage":"es"},{"@type":"Person","@id":"https:\/\/prades.cat\/es\/#\/schema\/person\/bb3b528c79ba4d250c07c52ff2e9f36c","name":"prades","image":{"@type":"ImageObject","inLanguage":"es","@id":"https:\/\/prades.cat\/es\/#\/schema\/person\/image\/","url":"https:\/\/secure.gravatar.com\/avatar\/4da81faf6e00158cd344bd6f5f1b626e?s=96&d=mm&r=g","contentUrl":"https:\/\/secure.gravatar.com\/avatar\/4da81faf6e00158cd344bd6f5f1b626e?s=96&d=mm&r=g","caption":"prades"},"url":"https:\/\/prades.cat\/es\/author\/prades\/"}]}},"_links":{"self":[{"href":"https:\/\/prades.cat\/es\/wp-json\/wp\/v2\/posts\/6920"}],"collection":[{"href":"https:\/\/prades.cat\/es\/wp-json\/wp\/v2\/posts"}],"about":[{"href":"https:\/\/prades.cat\/es\/wp-json\/wp\/v2\/types\/post"}],"author":[{"embeddable":true,"href":"https:\/\/prades.cat\/es\/wp-json\/wp\/v2\/users\/1"}],"replies":[{"embeddable":true,"href":"https:\/\/prades.cat\/es\/wp-json\/wp\/v2\/comments?post=6920"}],"version-history":[{"count":19,"href":"https:\/\/prades.cat\/es\/wp-json\/wp\/v2\/posts\/6920\/revisions"}],"predecessor-version":[{"id":6960,"href":"https:\/\/prades.cat\/es\/wp-json\/wp\/v2\/posts\/6920\/revisions\/6960"}],"wp:featuredmedia":[{"embeddable":true,"href":"https:\/\/prades.cat\/es\/wp-json\/wp\/v2\/media\/6939"}],"wp:attachment":[{"href":"https:\/\/prades.cat\/es\/wp-json\/wp\/v2\/media?parent=6920"}],"wp:term":[{"taxonomy":"category","embeddable":true,"href":"https:\/\/prades.cat\/es\/wp-json\/wp\/v2\/categories?post=6920"},{"taxonomy":"post_tag","embeddable":true,"href":"https:\/\/prades.cat\/es\/wp-json\/wp\/v2\/tags?post=6920"}],"curies":[{"name":"wp","href":"https:\/\/api.w.org\/{rel}","templated":true}]}}