{"id":2452,"date":"2018-06-27T08:07:52","date_gmt":"2018-06-27T07:07:52","guid":{"rendered":"https:\/\/prades.cat\/?p=2452"},"modified":"2018-06-27T08:08:28","modified_gmt":"2018-06-27T07:08:28","slug":"casal-destiu","status":"publish","type":"post","link":"https:\/\/prades.cat\/es\/esports\/casal-destiu\/","title":{"rendered":"Casal d&#8217;estiu"},"content":{"rendered":"<p><a href=\"https:\/\/prades.cat\/wp-content\/uploads\/2018\/06\/36177376_1854837281245762_7266840418631811072_n.jpg\"><img decoding=\"async\" loading=\"lazy\" class=\"size-full wp-image-2449 aligncenter\" src=\"https:\/\/prades.cat\/wp-content\/uploads\/2018\/06\/36177376_1854837281245762_7266840418631811072_n.jpg\" alt=\"\" width=\"679\" height=\"960\" srcset=\"https:\/\/prades.cat\/wp-content\/uploads\/2018\/06\/36177376_1854837281245762_7266840418631811072_n.jpg 679w, https:\/\/prades.cat\/wp-content\/uploads\/2018\/06\/36177376_1854837281245762_7266840418631811072_n-212x300.jpg 212w\" sizes=\"(max-width: 679px) 100vw, 679px\" \/><\/a><\/p>\n<p>Al Juliol i Agost a Prades tenim Casal d&#8217;Estiu! Classes d&#8217;angl\u00e8s, esports i jocs, arts i manualitats, excursions, piscina i m\u00e9s! Organitzat per Tossal Events S.A. amb la col\u00b7laboraci\u00f3 de l&#8217;Ajuntament de Prades.<\/p>\n<p>M\u00e9s informaci\u00f3 al 626851822<\/p>\n","protected":false},"excerpt":{"rendered":"<p>Al Juliol i Agost a Prades tenim Casal d&#8217;Estiu! Classes d&#8217;angl\u00e8s, esports i jocs, arts i manualitats, excursions, piscina i m\u00e9s! Organitzat per Tossal Events S.A. amb la col\u00b7laboraci\u00f3 de l&#8217;Ajuntament de Prades. M\u00e9s informaci\u00f3 al 626851822<\/p>\n","protected":false},"author":1,"featured_media":2449,"comment_status":"closed","ping_status":"closed","sticky":false,"template":"","format":"standard","meta":{"footnotes":""},"categories":[8],"tags":[],"acf":[],"yoast_head":"<!-- This site is optimized with the Yoast SEO plugin v22.6 - https:\/\/yoast.com\/wordpress\/plugins\/seo\/ -->\n<title>Casal d&#039;estiu - Prades<\/title>\n<meta name=\"robots\" content=\"index, follow, max-snippet:-1, max-image-preview:large, max-video-preview:-1\" \/>\n<link rel=\"canonical\" href=\"https:\/\/prades.cat\/es\/esports\/casal-destiu\/\" \/>\n<meta property=\"og:locale\" content=\"es_ES\" \/>\n<meta property=\"og:type\" content=\"article\" \/>\n<meta property=\"og:title\" content=\"Casal d&#039;estiu - Prades\" \/>\n<meta property=\"og:description\" content=\"Al Juliol i Agost a Prades tenim Casal d&#8217;Estiu! Classes d&#8217;angl\u00e8s, esports i jocs, arts i manualitats, excursions, piscina i m\u00e9s! Organitzat per Tossal Events S.A. amb la col\u00b7laboraci\u00f3 de l&#8217;Ajuntament de Prades. M\u00e9s informaci\u00f3 al 626851822\" \/>\n<meta property=\"og:url\" content=\"https:\/\/prades.cat\/es\/esports\/casal-destiu\/\" \/>\n<meta property=\"og:site_name\" content=\"Prades\" \/>\n<meta property=\"article:published_time\" content=\"2018-06-27T07:07:52+00:00\" \/>\n<meta property=\"article:modified_time\" content=\"2018-06-27T07:08:28+00:00\" \/>\n<meta property=\"og:image\" content=\"https:\/\/prades.cat\/wp-content\/uploads\/2018\/06\/36177376_1854837281245762_7266840418631811072_n.jpg\" \/>\n\t<meta property=\"og:image:width\" content=\"679\" \/>\n\t<meta property=\"og:image:height\" content=\"960\" \/>\n\t<meta property=\"og:image:type\" content=\"image\/jpeg\" \/>\n<meta name=\"author\" content=\"prades\" \/>\n<meta name=\"twitter:card\" content=\"summary_large_image\" \/>\n<meta name=\"twitter:label1\" content=\"Escrito por\" \/>\n\t<meta name=\"twitter:data1\" content=\"prades\" \/>\n<script type=\"application\/ld+json\" class=\"yoast-schema-graph\">{\"@context\":\"https:\/\/schema.org\",\"@graph\":[{\"@type\":\"WebPage\",\"@id\":\"https:\/\/prades.cat\/es\/esports\/casal-destiu\/\",\"url\":\"https:\/\/prades.cat\/es\/esports\/casal-destiu\/\",\"name\":\"Casal d'estiu - Prades\",\"isPartOf\":{\"@id\":\"https:\/\/prades.cat\/es\/#website\"},\"primaryImageOfPage\":{\"@id\":\"https:\/\/prades.cat\/es\/esports\/casal-destiu\/#primaryimage\"},\"image\":{\"@id\":\"https:\/\/prades.cat\/es\/esports\/casal-destiu\/#primaryimage\"},\"thumbnailUrl\":\"https:\/\/prades.cat\/wp-content\/uploads\/2018\/06\/36177376_1854837281245762_7266840418631811072_n.jpg\",\"datePublished\":\"2018-06-27T07:07:52+00:00\",\"dateModified\":\"2018-06-27T07:08:28+00:00\",\"author\":{\"@id\":\"https:\/\/prades.cat\/es\/#\/schema\/person\/bb3b528c79ba4d250c07c52ff2e9f36c\"},\"breadcrumb\":{\"@id\":\"https:\/\/prades.cat\/es\/esports\/casal-destiu\/#breadcrumb\"},\"inLanguage\":\"es\",\"potentialAction\":[{\"@type\":\"ReadAction\",\"target\":[\"https:\/\/prades.cat\/es\/esports\/casal-destiu\/\"]}]},{\"@type\":\"ImageObject\",\"inLanguage\":\"es\",\"@id\":\"https:\/\/prades.cat\/es\/esports\/casal-destiu\/#primaryimage\",\"url\":\"https:\/\/prades.cat\/wp-content\/uploads\/2018\/06\/36177376_1854837281245762_7266840418631811072_n.jpg\",\"contentUrl\":\"https:\/\/prades.cat\/wp-content\/uploads\/2018\/06\/36177376_1854837281245762_7266840418631811072_n.jpg\",\"width\":679,\"height\":960},{\"@type\":\"BreadcrumbList\",\"@id\":\"https:\/\/prades.cat\/es\/esports\/casal-destiu\/#breadcrumb\",\"itemListElement\":[{\"@type\":\"ListItem\",\"position\":1,\"name\":\"Inici\",\"item\":\"https:\/\/prades.cat\/es\/\"},{\"@type\":\"ListItem\",\"position\":2,\"name\":\"Casal d&#8217;estiu\"}]},{\"@type\":\"WebSite\",\"@id\":\"https:\/\/prades.cat\/es\/#website\",\"url\":\"https:\/\/prades.cat\/es\/\",\"name\":\"Prades\",\"description\":\"Web de l&#039;Ajuntament de Prades\",\"potentialAction\":[{\"@type\":\"SearchAction\",\"target\":{\"@type\":\"EntryPoint\",\"urlTemplate\":\"https:\/\/prades.cat\/es\/?s={search_term_string}\"},\"query-input\":\"required name=search_term_string\"}],\"inLanguage\":\"es\"},{\"@type\":\"Person\",\"@id\":\"https:\/\/prades.cat\/es\/#\/schema\/person\/bb3b528c79ba4d250c07c52ff2e9f36c\",\"name\":\"prades\",\"image\":{\"@type\":\"ImageObject\",\"inLanguage\":\"es\",\"@id\":\"https:\/\/prades.cat\/es\/#\/schema\/person\/image\/\",\"url\":\"https:\/\/secure.gravatar.com\/avatar\/4da81faf6e00158cd344bd6f5f1b626e?s=96&d=mm&r=g\",\"contentUrl\":\"https:\/\/secure.gravatar.com\/avatar\/4da81faf6e00158cd344bd6f5f1b626e?s=96&d=mm&r=g\",\"caption\":\"prades\"},\"url\":\"https:\/\/prades.cat\/es\/author\/prades\/\"}]}<\/script>\n<!-- \/ Yoast SEO plugin. -->","yoast_head_json":{"title":"Casal d'estiu - Prades","robots":{"index":"index","follow":"follow","max-snippet":"max-snippet:-1","max-image-preview":"max-image-preview:large","max-video-preview":"max-video-preview:-1"},"canonical":"https:\/\/prades.cat\/es\/esports\/casal-destiu\/","og_locale":"es_ES","og_type":"article","og_title":"Casal d'estiu - Prades","og_description":"Al Juliol i Agost a Prades tenim Casal d&#8217;Estiu! Classes d&#8217;angl\u00e8s, esports i jocs, arts i manualitats, excursions, piscina i m\u00e9s! Organitzat per Tossal Events S.A. amb la col\u00b7laboraci\u00f3 de l&#8217;Ajuntament de Prades. M\u00e9s informaci\u00f3 al 626851822","og_url":"https:\/\/prades.cat\/es\/esports\/casal-destiu\/","og_site_name":"Prades","article_published_time":"2018-06-27T07:07:52+00:00","article_modified_time":"2018-06-27T07:08:28+00:00","og_image":[{"width":679,"height":960,"url":"https:\/\/prades.cat\/wp-content\/uploads\/2018\/06\/36177376_1854837281245762_7266840418631811072_n.jpg","type":"image\/jpeg"}],"author":"prades","twitter_card":"summary_large_image","twitter_misc":{"Escrito por":"prades"},"schema":{"@context":"https:\/\/schema.org","@graph":[{"@type":"WebPage","@id":"https:\/\/prades.cat\/es\/esports\/casal-destiu\/","url":"https:\/\/prades.cat\/es\/esports\/casal-destiu\/","name":"Casal d'estiu - Prades","isPartOf":{"@id":"https:\/\/prades.cat\/es\/#website"},"primaryImageOfPage":{"@id":"https:\/\/prades.cat\/es\/esports\/casal-destiu\/#primaryimage"},"image":{"@id":"https:\/\/prades.cat\/es\/esports\/casal-destiu\/#primaryimage"},"thumbnailUrl":"https:\/\/prades.cat\/wp-content\/uploads\/2018\/06\/36177376_1854837281245762_7266840418631811072_n.jpg","datePublished":"2018-06-27T07:07:52+00:00","dateModified":"2018-06-27T07:08:28+00:00","author":{"@id":"https:\/\/prades.cat\/es\/#\/schema\/person\/bb3b528c79ba4d250c07c52ff2e9f36c"},"breadcrumb":{"@id":"https:\/\/prades.cat\/es\/esports\/casal-destiu\/#breadcrumb"},"inLanguage":"es","potentialAction":[{"@type":"ReadAction","target":["https:\/\/prades.cat\/es\/esports\/casal-destiu\/"]}]},{"@type":"ImageObject","inLanguage":"es","@id":"https:\/\/prades.cat\/es\/esports\/casal-destiu\/#primaryimage","url":"https:\/\/prades.cat\/wp-content\/uploads\/2018\/06\/36177376_1854837281245762_7266840418631811072_n.jpg","contentUrl":"https:\/\/prades.cat\/wp-content\/uploads\/2018\/06\/36177376_1854837281245762_7266840418631811072_n.jpg","width":679,"height":960},{"@type":"BreadcrumbList","@id":"https:\/\/prades.cat\/es\/esports\/casal-destiu\/#breadcrumb","itemListElement":[{"@type":"ListItem","position":1,"name":"Inici","item":"https:\/\/prades.cat\/es\/"},{"@type":"ListItem","position":2,"name":"Casal d&#8217;estiu"}]},{"@type":"WebSite","@id":"https:\/\/prades.cat\/es\/#website","url":"https:\/\/prades.cat\/es\/","name":"Prades","description":"Web de l&#039;Ajuntament de Prades","potentialAction":[{"@type":"SearchAction","target":{"@type":"EntryPoint","urlTemplate":"https:\/\/prades.cat\/es\/?s={search_term_string}"},"query-input":"required name=search_term_string"}],"inLanguage":"es"},{"@type":"Person","@id":"https:\/\/prades.cat\/es\/#\/schema\/person\/bb3b528c79ba4d250c07c52ff2e9f36c","name":"prades","image":{"@type":"ImageObject","inLanguage":"es","@id":"https:\/\/prades.cat\/es\/#\/schema\/person\/image\/","url":"https:\/\/secure.gravatar.com\/avatar\/4da81faf6e00158cd344bd6f5f1b626e?s=96&d=mm&r=g","contentUrl":"https:\/\/secure.gravatar.com\/avatar\/4da81faf6e00158cd344bd6f5f1b626e?s=96&d=mm&r=g","caption":"prades"},"url":"https:\/\/prades.cat\/es\/author\/prades\/"}]}},"_links":{"self":[{"href":"https:\/\/prades.cat\/es\/wp-json\/wp\/v2\/posts\/2452"}],"collection":[{"href":"https:\/\/prades.cat\/es\/wp-json\/wp\/v2\/posts"}],"about":[{"href":"https:\/\/prades.cat\/es\/wp-json\/wp\/v2\/types\/post"}],"author":[{"embeddable":true,"href":"https:\/\/prades.cat\/es\/wp-json\/wp\/v2\/users\/1"}],"replies":[{"embeddable":true,"href":"https:\/\/prades.cat\/es\/wp-json\/wp\/v2\/comments?post=2452"}],"version-history":[{"count":2,"href":"https:\/\/prades.cat\/es\/wp-json\/wp\/v2\/posts\/2452\/revisions"}],"predecessor-version":[{"id":2454,"href":"https:\/\/prades.cat\/es\/wp-json\/wp\/v2\/posts\/2452\/revisions\/2454"}],"wp:featuredmedia":[{"embeddable":true,"href":"https:\/\/prades.cat\/es\/wp-json\/wp\/v2\/media\/2449"}],"wp:attachment":[{"href":"https:\/\/prades.cat\/es\/wp-json\/wp\/v2\/media?parent=2452"}],"wp:term":[{"taxonomy":"category","embeddable":true,"href":"https:\/\/prades.cat\/es\/wp-json\/wp\/v2\/categories?post=2452"},{"taxonomy":"post_tag","embeddable":true,"href":"https:\/\/prades.cat\/es\/wp-json\/wp\/v2\/tags?post=2452"}],"curies":[{"name":"wp","href":"https:\/\/api.w.org\/{rel}","templated":true}]}}