{"id":2175,"date":"2018-05-27T19:24:18","date_gmt":"2018-05-27T18:24:18","guid":{"rendered":"https:\/\/prades.cat\/?p=2175"},"modified":"2018-05-27T19:50:09","modified_gmt":"2018-05-27T18:50:09","slug":"guanyadors-concursos-facanes-i-pintura-rapida-festa-farigola-2018","status":"publish","type":"post","link":"https:\/\/prades.cat\/es\/festes\/guanyadors-concursos-facanes-i-pintura-rapida-festa-farigola-2018\/","title":{"rendered":"Guanyadors Concursos Fa\u00e7anes i Pintura R\u00e0pida Festa Farigola 2018"},"content":{"rendered":"<h1><strong>Guanyadors Pintura R\u00e0pida:<\/strong><\/h1>\n<h1><strong><a href=\"https:\/\/prades.cat\/wp-content\/uploads\/2018\/05\/IMG-20180527-WA0061.jpg\"><img decoding=\"async\" loading=\"lazy\" class=\"wp-image-2176 alignright\" src=\"https:\/\/prades.cat\/wp-content\/uploads\/2018\/05\/IMG-20180527-WA0061-1024x768.jpg\" alt=\"\" width=\"741\" height=\"556\" srcset=\"https:\/\/prades.cat\/wp-content\/uploads\/2018\/05\/IMG-20180527-WA0061-1024x768.jpg 1024w, https:\/\/prades.cat\/wp-content\/uploads\/2018\/05\/IMG-20180527-WA0061-300x225.jpg 300w, https:\/\/prades.cat\/wp-content\/uploads\/2018\/05\/IMG-20180527-WA0061-768x576.jpg 768w, https:\/\/prades.cat\/wp-content\/uploads\/2018\/05\/IMG-20180527-WA0061-800x600.jpg 800w, https:\/\/prades.cat\/wp-content\/uploads\/2018\/05\/IMG-20180527-WA0061-700x525.jpg 700w, https:\/\/prades.cat\/wp-content\/uploads\/2018\/05\/IMG-20180527-WA0061.jpg 1600w\" sizes=\"(max-width: 741px) 100vw, 741px\" \/><\/a><\/strong><\/h1>\n<p>&nbsp;<\/p>\n<p>1er\u00a0Joan Josep Catal\u00e0<\/p>\n<p>2on Josep M\u00aa Batlle<\/p>\n<p>3er Joan Josep Perez<\/p>\n<p><span class=\"text_exposed_show\"><br \/>\n<strong>Guanyadors Concurs Pintura R\u00e0pida Infantil:\u00a0<\/strong><\/span><\/p>\n<p><span class=\"text_exposed_show\"><br \/>\nCategoria 3 fins a 7 anys <\/span><\/p>\n<p><span class=\"text_exposed_show\">Noa Carreras Fabregat.\u00a0<\/span><\/p>\n<p><span class=\"text_exposed_show\"><br \/>\nCategoria 7 a 13 <\/span><\/p>\n<p><span class=\"text_exposed_show\">Yerai Badia Urbano.<\/span><\/p>\n<h1><\/h1>\n<h1><\/h1>\n<h1>Guanyadors Concurs Fa\u00e7anes:<\/h1>\n<p><a href=\"https:\/\/prades.cat\/wp-content\/uploads\/2018\/05\/IMG-20180527-WA0058-2.jpg\"><img decoding=\"async\" loading=\"lazy\" class=\"wp-image-2178 alignright\" src=\"https:\/\/prades.cat\/wp-content\/uploads\/2018\/05\/IMG-20180527-WA0058-2-1024x768.jpg\" alt=\"\" width=\"742\" height=\"556\" srcset=\"https:\/\/prades.cat\/wp-content\/uploads\/2018\/05\/IMG-20180527-WA0058-2-1024x768.jpg 1024w, https:\/\/prades.cat\/wp-content\/uploads\/2018\/05\/IMG-20180527-WA0058-2-300x225.jpg 300w, https:\/\/prades.cat\/wp-content\/uploads\/2018\/05\/IMG-20180527-WA0058-2-768x576.jpg 768w, https:\/\/prades.cat\/wp-content\/uploads\/2018\/05\/IMG-20180527-WA0058-2-800x600.jpg 800w, https:\/\/prades.cat\/wp-content\/uploads\/2018\/05\/IMG-20180527-WA0058-2-700x525.jpg 700w, https:\/\/prades.cat\/wp-content\/uploads\/2018\/05\/IMG-20180527-WA0058-2.jpg 1600w\" sizes=\"(max-width: 742px) 100vw, 742px\" \/><\/a><\/p>\n<p><span class=\"text_exposed_show\">Carmen Masgoret<\/span><\/p>\n<p><span class=\"text_exposed_show\">Isaac Sosa<\/span><\/p>\n<p><span class=\"text_exposed_show\">Abril Domenech<\/span><\/p>\n<p><span class=\"text_exposed_show\">Fonda Espasa<\/span><\/p>\n<p><span class=\"text_exposed_show\">Fatima Sabat<\/span><\/p>\n","protected":false},"excerpt":{"rendered":"<p>Guanyadors Pintura R\u00e0pida: &nbsp; 1er\u00a0Joan Josep Catal\u00e0 2on Josep M\u00aa Batlle 3er Joan Josep Perez Guanyadors Concurs Pintura R\u00e0pida Infantil:\u00a0 Categoria 3 fins a 7 anys Noa Carreras Fabregat.\u00a0 Categoria 7 a 13 Yerai Badia Urbano. Guanyadors Concurs Fa\u00e7anes: Carmen Masgoret Isaac Sosa Abril Domenech&#8230;<\/p>\n","protected":false},"author":1,"featured_media":2176,"comment_status":"closed","ping_status":"closed","sticky":false,"template":"","format":"standard","meta":{"footnotes":""},"categories":[9],"tags":[],"acf":[],"yoast_head":"<!-- This site is optimized with the Yoast SEO plugin v22.6 - https:\/\/yoast.com\/wordpress\/plugins\/seo\/ -->\n<title>Guanyadors Concursos Fa\u00e7anes i Pintura R\u00e0pida Festa Farigola 2018 - Prades<\/title>\n<meta name=\"robots\" content=\"index, follow, max-snippet:-1, max-image-preview:large, max-video-preview:-1\" \/>\n<link rel=\"canonical\" href=\"https:\/\/prades.cat\/es\/festes\/guanyadors-concursos-facanes-i-pintura-rapida-festa-farigola-2018\/\" \/>\n<meta property=\"og:locale\" content=\"es_ES\" \/>\n<meta property=\"og:type\" content=\"article\" \/>\n<meta property=\"og:title\" content=\"Guanyadors Concursos Fa\u00e7anes i Pintura R\u00e0pida Festa Farigola 2018 - Prades\" \/>\n<meta property=\"og:description\" content=\"Guanyadors Pintura R\u00e0pida: &nbsp; 1er\u00a0Joan Josep Catal\u00e0 2on Josep M\u00aa Batlle 3er Joan Josep Perez Guanyadors Concurs Pintura R\u00e0pida Infantil:\u00a0 Categoria 3 fins a 7 anys Noa Carreras Fabregat.\u00a0 Categoria 7 a 13 Yerai Badia Urbano. Guanyadors Concurs Fa\u00e7anes: Carmen Masgoret Isaac Sosa Abril Domenech...\" \/>\n<meta property=\"og:url\" content=\"https:\/\/prades.cat\/es\/festes\/guanyadors-concursos-facanes-i-pintura-rapida-festa-farigola-2018\/\" \/>\n<meta property=\"og:site_name\" content=\"Prades\" \/>\n<meta property=\"article:published_time\" content=\"2018-05-27T18:24:18+00:00\" \/>\n<meta property=\"article:modified_time\" content=\"2018-05-27T18:50:09+00:00\" \/>\n<meta property=\"og:image\" content=\"https:\/\/prades.cat\/wp-content\/uploads\/2018\/05\/IMG-20180527-WA0061.jpg\" \/>\n\t<meta property=\"og:image:width\" content=\"1600\" \/>\n\t<meta property=\"og:image:height\" content=\"1200\" \/>\n\t<meta property=\"og:image:type\" content=\"image\/jpeg\" \/>\n<meta name=\"author\" content=\"prades\" \/>\n<meta name=\"twitter:card\" content=\"summary_large_image\" \/>\n<meta name=\"twitter:label1\" content=\"Escrito por\" \/>\n\t<meta name=\"twitter:data1\" content=\"prades\" \/>\n<script type=\"application\/ld+json\" class=\"yoast-schema-graph\">{\"@context\":\"https:\/\/schema.org\",\"@graph\":[{\"@type\":\"WebPage\",\"@id\":\"https:\/\/prades.cat\/es\/festes\/guanyadors-concursos-facanes-i-pintura-rapida-festa-farigola-2018\/\",\"url\":\"https:\/\/prades.cat\/es\/festes\/guanyadors-concursos-facanes-i-pintura-rapida-festa-farigola-2018\/\",\"name\":\"Guanyadors Concursos Fa\u00e7anes i Pintura R\u00e0pida Festa Farigola 2018 - Prades\",\"isPartOf\":{\"@id\":\"https:\/\/prades.cat\/es\/#website\"},\"primaryImageOfPage\":{\"@id\":\"https:\/\/prades.cat\/es\/festes\/guanyadors-concursos-facanes-i-pintura-rapida-festa-farigola-2018\/#primaryimage\"},\"image\":{\"@id\":\"https:\/\/prades.cat\/es\/festes\/guanyadors-concursos-facanes-i-pintura-rapida-festa-farigola-2018\/#primaryimage\"},\"thumbnailUrl\":\"https:\/\/prades.cat\/wp-content\/uploads\/2018\/05\/IMG-20180527-WA0061.jpg\",\"datePublished\":\"2018-05-27T18:24:18+00:00\",\"dateModified\":\"2018-05-27T18:50:09+00:00\",\"author\":{\"@id\":\"https:\/\/prades.cat\/es\/#\/schema\/person\/bb3b528c79ba4d250c07c52ff2e9f36c\"},\"breadcrumb\":{\"@id\":\"https:\/\/prades.cat\/es\/festes\/guanyadors-concursos-facanes-i-pintura-rapida-festa-farigola-2018\/#breadcrumb\"},\"inLanguage\":\"es\",\"potentialAction\":[{\"@type\":\"ReadAction\",\"target\":[\"https:\/\/prades.cat\/es\/festes\/guanyadors-concursos-facanes-i-pintura-rapida-festa-farigola-2018\/\"]}]},{\"@type\":\"ImageObject\",\"inLanguage\":\"es\",\"@id\":\"https:\/\/prades.cat\/es\/festes\/guanyadors-concursos-facanes-i-pintura-rapida-festa-farigola-2018\/#primaryimage\",\"url\":\"https:\/\/prades.cat\/wp-content\/uploads\/2018\/05\/IMG-20180527-WA0061.jpg\",\"contentUrl\":\"https:\/\/prades.cat\/wp-content\/uploads\/2018\/05\/IMG-20180527-WA0061.jpg\",\"width\":1600,\"height\":1200},{\"@type\":\"BreadcrumbList\",\"@id\":\"https:\/\/prades.cat\/es\/festes\/guanyadors-concursos-facanes-i-pintura-rapida-festa-farigola-2018\/#breadcrumb\",\"itemListElement\":[{\"@type\":\"ListItem\",\"position\":1,\"name\":\"Inici\",\"item\":\"https:\/\/prades.cat\/es\/\"},{\"@type\":\"ListItem\",\"position\":2,\"name\":\"Guanyadors Concursos Fa\u00e7anes i Pintura R\u00e0pida Festa Farigola 2018\"}]},{\"@type\":\"WebSite\",\"@id\":\"https:\/\/prades.cat\/es\/#website\",\"url\":\"https:\/\/prades.cat\/es\/\",\"name\":\"Prades\",\"description\":\"Web de l&#039;Ajuntament de Prades\",\"potentialAction\":[{\"@type\":\"SearchAction\",\"target\":{\"@type\":\"EntryPoint\",\"urlTemplate\":\"https:\/\/prades.cat\/es\/?s={search_term_string}\"},\"query-input\":\"required name=search_term_string\"}],\"inLanguage\":\"es\"},{\"@type\":\"Person\",\"@id\":\"https:\/\/prades.cat\/es\/#\/schema\/person\/bb3b528c79ba4d250c07c52ff2e9f36c\",\"name\":\"prades\",\"image\":{\"@type\":\"ImageObject\",\"inLanguage\":\"es\",\"@id\":\"https:\/\/prades.cat\/es\/#\/schema\/person\/image\/\",\"url\":\"https:\/\/secure.gravatar.com\/avatar\/4da81faf6e00158cd344bd6f5f1b626e?s=96&d=mm&r=g\",\"contentUrl\":\"https:\/\/secure.gravatar.com\/avatar\/4da81faf6e00158cd344bd6f5f1b626e?s=96&d=mm&r=g\",\"caption\":\"prades\"},\"url\":\"https:\/\/prades.cat\/es\/author\/prades\/\"}]}<\/script>\n<!-- \/ Yoast SEO plugin. -->","yoast_head_json":{"title":"Guanyadors Concursos Fa\u00e7anes i Pintura R\u00e0pida Festa Farigola 2018 - Prades","robots":{"index":"index","follow":"follow","max-snippet":"max-snippet:-1","max-image-preview":"max-image-preview:large","max-video-preview":"max-video-preview:-1"},"canonical":"https:\/\/prades.cat\/es\/festes\/guanyadors-concursos-facanes-i-pintura-rapida-festa-farigola-2018\/","og_locale":"es_ES","og_type":"article","og_title":"Guanyadors Concursos Fa\u00e7anes i Pintura R\u00e0pida Festa Farigola 2018 - Prades","og_description":"Guanyadors Pintura R\u00e0pida: &nbsp; 1er\u00a0Joan Josep Catal\u00e0 2on Josep M\u00aa Batlle 3er Joan Josep Perez Guanyadors Concurs Pintura R\u00e0pida Infantil:\u00a0 Categoria 3 fins a 7 anys Noa Carreras Fabregat.\u00a0 Categoria 7 a 13 Yerai Badia Urbano. Guanyadors Concurs Fa\u00e7anes: Carmen Masgoret Isaac Sosa Abril Domenech...","og_url":"https:\/\/prades.cat\/es\/festes\/guanyadors-concursos-facanes-i-pintura-rapida-festa-farigola-2018\/","og_site_name":"Prades","article_published_time":"2018-05-27T18:24:18+00:00","article_modified_time":"2018-05-27T18:50:09+00:00","og_image":[{"width":1600,"height":1200,"url":"https:\/\/prades.cat\/wp-content\/uploads\/2018\/05\/IMG-20180527-WA0061.jpg","type":"image\/jpeg"}],"author":"prades","twitter_card":"summary_large_image","twitter_misc":{"Escrito por":"prades"},"schema":{"@context":"https:\/\/schema.org","@graph":[{"@type":"WebPage","@id":"https:\/\/prades.cat\/es\/festes\/guanyadors-concursos-facanes-i-pintura-rapida-festa-farigola-2018\/","url":"https:\/\/prades.cat\/es\/festes\/guanyadors-concursos-facanes-i-pintura-rapida-festa-farigola-2018\/","name":"Guanyadors Concursos Fa\u00e7anes i Pintura R\u00e0pida Festa Farigola 2018 - Prades","isPartOf":{"@id":"https:\/\/prades.cat\/es\/#website"},"primaryImageOfPage":{"@id":"https:\/\/prades.cat\/es\/festes\/guanyadors-concursos-facanes-i-pintura-rapida-festa-farigola-2018\/#primaryimage"},"image":{"@id":"https:\/\/prades.cat\/es\/festes\/guanyadors-concursos-facanes-i-pintura-rapida-festa-farigola-2018\/#primaryimage"},"thumbnailUrl":"https:\/\/prades.cat\/wp-content\/uploads\/2018\/05\/IMG-20180527-WA0061.jpg","datePublished":"2018-05-27T18:24:18+00:00","dateModified":"2018-05-27T18:50:09+00:00","author":{"@id":"https:\/\/prades.cat\/es\/#\/schema\/person\/bb3b528c79ba4d250c07c52ff2e9f36c"},"breadcrumb":{"@id":"https:\/\/prades.cat\/es\/festes\/guanyadors-concursos-facanes-i-pintura-rapida-festa-farigola-2018\/#breadcrumb"},"inLanguage":"es","potentialAction":[{"@type":"ReadAction","target":["https:\/\/prades.cat\/es\/festes\/guanyadors-concursos-facanes-i-pintura-rapida-festa-farigola-2018\/"]}]},{"@type":"ImageObject","inLanguage":"es","@id":"https:\/\/prades.cat\/es\/festes\/guanyadors-concursos-facanes-i-pintura-rapida-festa-farigola-2018\/#primaryimage","url":"https:\/\/prades.cat\/wp-content\/uploads\/2018\/05\/IMG-20180527-WA0061.jpg","contentUrl":"https:\/\/prades.cat\/wp-content\/uploads\/2018\/05\/IMG-20180527-WA0061.jpg","width":1600,"height":1200},{"@type":"BreadcrumbList","@id":"https:\/\/prades.cat\/es\/festes\/guanyadors-concursos-facanes-i-pintura-rapida-festa-farigola-2018\/#breadcrumb","itemListElement":[{"@type":"ListItem","position":1,"name":"Inici","item":"https:\/\/prades.cat\/es\/"},{"@type":"ListItem","position":2,"name":"Guanyadors Concursos Fa\u00e7anes i Pintura R\u00e0pida Festa Farigola 2018"}]},{"@type":"WebSite","@id":"https:\/\/prades.cat\/es\/#website","url":"https:\/\/prades.cat\/es\/","name":"Prades","description":"Web de l&#039;Ajuntament de Prades","potentialAction":[{"@type":"SearchAction","target":{"@type":"EntryPoint","urlTemplate":"https:\/\/prades.cat\/es\/?s={search_term_string}"},"query-input":"required name=search_term_string"}],"inLanguage":"es"},{"@type":"Person","@id":"https:\/\/prades.cat\/es\/#\/schema\/person\/bb3b528c79ba4d250c07c52ff2e9f36c","name":"prades","image":{"@type":"ImageObject","inLanguage":"es","@id":"https:\/\/prades.cat\/es\/#\/schema\/person\/image\/","url":"https:\/\/secure.gravatar.com\/avatar\/4da81faf6e00158cd344bd6f5f1b626e?s=96&d=mm&r=g","contentUrl":"https:\/\/secure.gravatar.com\/avatar\/4da81faf6e00158cd344bd6f5f1b626e?s=96&d=mm&r=g","caption":"prades"},"url":"https:\/\/prades.cat\/es\/author\/prades\/"}]}},"_links":{"self":[{"href":"https:\/\/prades.cat\/es\/wp-json\/wp\/v2\/posts\/2175"}],"collection":[{"href":"https:\/\/prades.cat\/es\/wp-json\/wp\/v2\/posts"}],"about":[{"href":"https:\/\/prades.cat\/es\/wp-json\/wp\/v2\/types\/post"}],"author":[{"embeddable":true,"href":"https:\/\/prades.cat\/es\/wp-json\/wp\/v2\/users\/1"}],"replies":[{"embeddable":true,"href":"https:\/\/prades.cat\/es\/wp-json\/wp\/v2\/comments?post=2175"}],"version-history":[{"count":7,"href":"https:\/\/prades.cat\/es\/wp-json\/wp\/v2\/posts\/2175\/revisions"}],"predecessor-version":[{"id":2186,"href":"https:\/\/prades.cat\/es\/wp-json\/wp\/v2\/posts\/2175\/revisions\/2186"}],"wp:featuredmedia":[{"embeddable":true,"href":"https:\/\/prades.cat\/es\/wp-json\/wp\/v2\/media\/2176"}],"wp:attachment":[{"href":"https:\/\/prades.cat\/es\/wp-json\/wp\/v2\/media?parent=2175"}],"wp:term":[{"taxonomy":"category","embeddable":true,"href":"https:\/\/prades.cat\/es\/wp-json\/wp\/v2\/categories?post=2175"},{"taxonomy":"post_tag","embeddable":true,"href":"https:\/\/prades.cat\/es\/wp-json\/wp\/v2\/tags?post=2175"}],"curies":[{"name":"wp","href":"https:\/\/api.w.org\/{rel}","templated":true}]}}