{"id":945,"date":"2015-01-17T00:00:29","date_gmt":"2015-01-16T23:00:29","guid":{"rendered":"https:\/\/prades.cat\/?p=945"},"modified":"2017-06-08T12:06:07","modified_gmt":"2017-06-08T11:06:07","slug":"prades-es-suma-a-la-xarxa-thao-per-a-la-prevencio-de-lobesitat-infantil","status":"publish","type":"post","link":"https:\/\/prades.cat\/en\/uncategorized-ca\/prades-es-suma-a-la-xarxa-thao-per-a-la-prevencio-de-lobesitat-infantil\/","title":{"rendered":"Prades se suma a la xarxa Thao per a la prevenci\u00f3 de l&#8217;obesitat infantil"},"content":{"rendered":"<div class=\"field field-name-body field-type-text-with-summary field-label-hidden\">\n<div class=\"field-items\">\n<div class=\"field-item even\">\n<p>Prades s\u2019ha adherit al <strong>Programa Thao-Salut Infantil<\/strong> <strong>per a la prevenci\u00f3 de l&#8217;obesitat infantil i la promoci\u00f3 d&#8217;h\u00e0bits saludables.<\/strong><\/p>\n<p>L\u2019exc\u00e9s de pes entre la poblaci\u00f3 infantil es una problem\u00e0tica de primer ordre i, segons el darrer estudi de la Fundaci\u00f3 Thao, afectaa un 28,3% de la poblaci\u00f3 infantil, una prevalen\u00e7a que ens situa al capdavant d\u2019Europa.<\/p>\n<p>Prades es beneficia d\u2019aquest Programa gr\u00e0cies al conveni signat entre la Diputaci\u00f3 de Tarragona i la Fundaci\u00f3 Thao. Les actuacions que es realitzaran mobilitzaran els diferents actors locals del territori (de l\u2019\u00e0mbit de l\u2019educaci\u00f3, la salut o l\u2019oci). Totes les actuacions aniran acompanyades d\u2019un suport de comunicaci\u00f3 (cartells, not\u00edcies, p\u00e0gina web, entre d\u2019altres). Tamb\u00e9 preveu que els alumnes d\u2019educaci\u00f3 infantil i prim\u00e0ria dels centres educatius passin per un control de la talla, al\u00e7ada i pes per determinar quina \u00e9s la prevalen\u00e7a de l\u2019obesitat i el sobrep\u00e8s en la poblaci\u00f3 infantil del municipi.<\/p>\n<p>Per a m\u00e9s informaci\u00f3, clica\u00a0<a href=\"http:\/\/www.thaoweb.com\/\">AQU\u00cd<\/a>.<\/p>\n<\/div>\n<\/div>\n<\/div>\n<div class=\"field field-name-field-document field-type-file field-label-hidden\">\n<div class=\"field-items\">\n<div class=\"field-item even\"><span class=\"file\"><img decoding=\"async\" class=\"file-icon\" title=\"application\/pdf\" src=\"https:\/\/prades.cat\/modules\/file\/icons\/application-pdf.png\" alt=\"\" \/> <a title=\"Publireportatge_AF_CAT.pdf\" href=\"https:\/\/prades.cat\/sites\/default\/files\/activitats\/Publireportatge_AF_CAT.pdf\" type=\"application\/pdf; length=466126\">Programa Thao<\/a><\/span><\/div>\n<\/div>\n<\/div>\n","protected":false},"excerpt":{"rendered":"<p>Prades s\u2019ha adherit al Programa Thao-Salut Infantil per a la prevenci\u00f3 de l&#8217;obesitat infantil i la promoci\u00f3 d&#8217;h\u00e0bits saludables. L\u2019exc\u00e9s de pes entre la poblaci\u00f3 infantil es una problem\u00e0tica de primer ordre i, segons el darrer estudi de la Fundaci\u00f3 Thao, afectaa un 28,3% de&#8230;<\/p>\n","protected":false},"author":1,"featured_media":946,"comment_status":"closed","ping_status":"closed","sticky":false,"template":"","format":"standard","meta":{"footnotes":""},"categories":[1],"tags":[],"acf":[],"yoast_head":"<!-- This site is optimized with the Yoast SEO plugin v22.6 - https:\/\/yoast.com\/wordpress\/plugins\/seo\/ -->\n<title>Prades se suma a la xarxa Thao per a la prevenci\u00f3 de l&#039;obesitat infantil - Prades<\/title>\n<meta name=\"robots\" content=\"index, follow, max-snippet:-1, max-image-preview:large, max-video-preview:-1\" \/>\n<link rel=\"canonical\" href=\"https:\/\/prades.cat\/en\/uncategorized-ca\/prades-es-suma-a-la-xarxa-thao-per-a-la-prevencio-de-lobesitat-infantil\/\" \/>\n<meta property=\"og:locale\" content=\"en_US\" \/>\n<meta property=\"og:type\" content=\"article\" \/>\n<meta property=\"og:title\" content=\"Prades se suma a la xarxa Thao per a la prevenci\u00f3 de l&#039;obesitat infantil - Prades\" \/>\n<meta property=\"og:description\" content=\"Prades s\u2019ha adherit al Programa Thao-Salut Infantil per a la prevenci\u00f3 de l&#8217;obesitat infantil i la promoci\u00f3 d&#8217;h\u00e0bits saludables. L\u2019exc\u00e9s de pes entre la poblaci\u00f3 infantil es una problem\u00e0tica de primer ordre i, segons el darrer estudi de la Fundaci\u00f3 Thao, afectaa un 28,3% de...\" \/>\n<meta property=\"og:url\" content=\"https:\/\/prades.cat\/en\/uncategorized-ca\/prades-es-suma-a-la-xarxa-thao-per-a-la-prevencio-de-lobesitat-infantil\/\" \/>\n<meta property=\"og:site_name\" content=\"Prades\" \/>\n<meta property=\"article:published_time\" content=\"2015-01-16T23:00:29+00:00\" \/>\n<meta property=\"article:modified_time\" content=\"2017-06-08T11:06:07+00:00\" \/>\n<meta property=\"og:image\" content=\"https:\/\/prades.cat\/wp-content\/uploads\/2017\/06\/logo-programa-thao.jpg\" \/>\n\t<meta property=\"og:image:width\" content=\"230\" \/>\n\t<meta property=\"og:image:height\" content=\"108\" \/>\n\t<meta property=\"og:image:type\" content=\"image\/jpeg\" \/>\n<meta name=\"author\" content=\"prades\" \/>\n<meta name=\"twitter:card\" content=\"summary_large_image\" \/>\n<meta name=\"twitter:label1\" content=\"Written by\" \/>\n\t<meta name=\"twitter:data1\" content=\"prades\" \/>\n\t<meta name=\"twitter:label2\" content=\"Est. reading time\" \/>\n\t<meta name=\"twitter:data2\" content=\"1 minute\" \/>\n<script type=\"application\/ld+json\" class=\"yoast-schema-graph\">{\"@context\":\"https:\/\/schema.org\",\"@graph\":[{\"@type\":\"WebPage\",\"@id\":\"https:\/\/prades.cat\/en\/uncategorized-ca\/prades-es-suma-a-la-xarxa-thao-per-a-la-prevencio-de-lobesitat-infantil\/\",\"url\":\"https:\/\/prades.cat\/en\/uncategorized-ca\/prades-es-suma-a-la-xarxa-thao-per-a-la-prevencio-de-lobesitat-infantil\/\",\"name\":\"Prades se suma a la xarxa Thao per a la prevenci\u00f3 de l'obesitat infantil - Prades\",\"isPartOf\":{\"@id\":\"https:\/\/prades.cat\/en\/#website\"},\"primaryImageOfPage\":{\"@id\":\"https:\/\/prades.cat\/en\/uncategorized-ca\/prades-es-suma-a-la-xarxa-thao-per-a-la-prevencio-de-lobesitat-infantil\/#primaryimage\"},\"image\":{\"@id\":\"https:\/\/prades.cat\/en\/uncategorized-ca\/prades-es-suma-a-la-xarxa-thao-per-a-la-prevencio-de-lobesitat-infantil\/#primaryimage\"},\"thumbnailUrl\":\"https:\/\/prades.cat\/wp-content\/uploads\/2017\/06\/logo-programa-thao.jpg\",\"datePublished\":\"2015-01-16T23:00:29+00:00\",\"dateModified\":\"2017-06-08T11:06:07+00:00\",\"author\":{\"@id\":\"https:\/\/prades.cat\/en\/#\/schema\/person\/bb3b528c79ba4d250c07c52ff2e9f36c\"},\"breadcrumb\":{\"@id\":\"https:\/\/prades.cat\/en\/uncategorized-ca\/prades-es-suma-a-la-xarxa-thao-per-a-la-prevencio-de-lobesitat-infantil\/#breadcrumb\"},\"inLanguage\":\"en-US\",\"potentialAction\":[{\"@type\":\"ReadAction\",\"target\":[\"https:\/\/prades.cat\/en\/uncategorized-ca\/prades-es-suma-a-la-xarxa-thao-per-a-la-prevencio-de-lobesitat-infantil\/\"]}]},{\"@type\":\"ImageObject\",\"inLanguage\":\"en-US\",\"@id\":\"https:\/\/prades.cat\/en\/uncategorized-ca\/prades-es-suma-a-la-xarxa-thao-per-a-la-prevencio-de-lobesitat-infantil\/#primaryimage\",\"url\":\"https:\/\/prades.cat\/wp-content\/uploads\/2017\/06\/logo-programa-thao.jpg\",\"contentUrl\":\"https:\/\/prades.cat\/wp-content\/uploads\/2017\/06\/logo-programa-thao.jpg\",\"width\":230,\"height\":108},{\"@type\":\"BreadcrumbList\",\"@id\":\"https:\/\/prades.cat\/en\/uncategorized-ca\/prades-es-suma-a-la-xarxa-thao-per-a-la-prevencio-de-lobesitat-infantil\/#breadcrumb\",\"itemListElement\":[{\"@type\":\"ListItem\",\"position\":1,\"name\":\"Inici\",\"item\":\"https:\/\/prades.cat\/en\/\"},{\"@type\":\"ListItem\",\"position\":2,\"name\":\"Prades se suma a la xarxa Thao per a la prevenci\u00f3 de l&#8217;obesitat infantil\"}]},{\"@type\":\"WebSite\",\"@id\":\"https:\/\/prades.cat\/en\/#website\",\"url\":\"https:\/\/prades.cat\/en\/\",\"name\":\"Prades\",\"description\":\"Web de l&#039;Ajuntament de Prades\",\"potentialAction\":[{\"@type\":\"SearchAction\",\"target\":{\"@type\":\"EntryPoint\",\"urlTemplate\":\"https:\/\/prades.cat\/en\/?s={search_term_string}\"},\"query-input\":\"required name=search_term_string\"}],\"inLanguage\":\"en-US\"},{\"@type\":\"Person\",\"@id\":\"https:\/\/prades.cat\/en\/#\/schema\/person\/bb3b528c79ba4d250c07c52ff2e9f36c\",\"name\":\"prades\",\"image\":{\"@type\":\"ImageObject\",\"inLanguage\":\"en-US\",\"@id\":\"https:\/\/prades.cat\/en\/#\/schema\/person\/image\/\",\"url\":\"https:\/\/secure.gravatar.com\/avatar\/4da81faf6e00158cd344bd6f5f1b626e?s=96&d=mm&r=g\",\"contentUrl\":\"https:\/\/secure.gravatar.com\/avatar\/4da81faf6e00158cd344bd6f5f1b626e?s=96&d=mm&r=g\",\"caption\":\"prades\"},\"url\":\"https:\/\/prades.cat\/en\/author\/prades\/\"}]}<\/script>\n<!-- \/ Yoast SEO plugin. -->","yoast_head_json":{"title":"Prades se suma a la xarxa Thao per a la prevenci\u00f3 de l'obesitat infantil - Prades","robots":{"index":"index","follow":"follow","max-snippet":"max-snippet:-1","max-image-preview":"max-image-preview:large","max-video-preview":"max-video-preview:-1"},"canonical":"https:\/\/prades.cat\/en\/uncategorized-ca\/prades-es-suma-a-la-xarxa-thao-per-a-la-prevencio-de-lobesitat-infantil\/","og_locale":"en_US","og_type":"article","og_title":"Prades se suma a la xarxa Thao per a la prevenci\u00f3 de l'obesitat infantil - Prades","og_description":"Prades s\u2019ha adherit al Programa Thao-Salut Infantil per a la prevenci\u00f3 de l&#8217;obesitat infantil i la promoci\u00f3 d&#8217;h\u00e0bits saludables. L\u2019exc\u00e9s de pes entre la poblaci\u00f3 infantil es una problem\u00e0tica de primer ordre i, segons el darrer estudi de la Fundaci\u00f3 Thao, afectaa un 28,3% de...","og_url":"https:\/\/prades.cat\/en\/uncategorized-ca\/prades-es-suma-a-la-xarxa-thao-per-a-la-prevencio-de-lobesitat-infantil\/","og_site_name":"Prades","article_published_time":"2015-01-16T23:00:29+00:00","article_modified_time":"2017-06-08T11:06:07+00:00","og_image":[{"width":230,"height":108,"url":"https:\/\/prades.cat\/wp-content\/uploads\/2017\/06\/logo-programa-thao.jpg","type":"image\/jpeg"}],"author":"prades","twitter_card":"summary_large_image","twitter_misc":{"Written by":"prades","Est. reading time":"1 minute"},"schema":{"@context":"https:\/\/schema.org","@graph":[{"@type":"WebPage","@id":"https:\/\/prades.cat\/en\/uncategorized-ca\/prades-es-suma-a-la-xarxa-thao-per-a-la-prevencio-de-lobesitat-infantil\/","url":"https:\/\/prades.cat\/en\/uncategorized-ca\/prades-es-suma-a-la-xarxa-thao-per-a-la-prevencio-de-lobesitat-infantil\/","name":"Prades se suma a la xarxa Thao per a la prevenci\u00f3 de l'obesitat infantil - Prades","isPartOf":{"@id":"https:\/\/prades.cat\/en\/#website"},"primaryImageOfPage":{"@id":"https:\/\/prades.cat\/en\/uncategorized-ca\/prades-es-suma-a-la-xarxa-thao-per-a-la-prevencio-de-lobesitat-infantil\/#primaryimage"},"image":{"@id":"https:\/\/prades.cat\/en\/uncategorized-ca\/prades-es-suma-a-la-xarxa-thao-per-a-la-prevencio-de-lobesitat-infantil\/#primaryimage"},"thumbnailUrl":"https:\/\/prades.cat\/wp-content\/uploads\/2017\/06\/logo-programa-thao.jpg","datePublished":"2015-01-16T23:00:29+00:00","dateModified":"2017-06-08T11:06:07+00:00","author":{"@id":"https:\/\/prades.cat\/en\/#\/schema\/person\/bb3b528c79ba4d250c07c52ff2e9f36c"},"breadcrumb":{"@id":"https:\/\/prades.cat\/en\/uncategorized-ca\/prades-es-suma-a-la-xarxa-thao-per-a-la-prevencio-de-lobesitat-infantil\/#breadcrumb"},"inLanguage":"en-US","potentialAction":[{"@type":"ReadAction","target":["https:\/\/prades.cat\/en\/uncategorized-ca\/prades-es-suma-a-la-xarxa-thao-per-a-la-prevencio-de-lobesitat-infantil\/"]}]},{"@type":"ImageObject","inLanguage":"en-US","@id":"https:\/\/prades.cat\/en\/uncategorized-ca\/prades-es-suma-a-la-xarxa-thao-per-a-la-prevencio-de-lobesitat-infantil\/#primaryimage","url":"https:\/\/prades.cat\/wp-content\/uploads\/2017\/06\/logo-programa-thao.jpg","contentUrl":"https:\/\/prades.cat\/wp-content\/uploads\/2017\/06\/logo-programa-thao.jpg","width":230,"height":108},{"@type":"BreadcrumbList","@id":"https:\/\/prades.cat\/en\/uncategorized-ca\/prades-es-suma-a-la-xarxa-thao-per-a-la-prevencio-de-lobesitat-infantil\/#breadcrumb","itemListElement":[{"@type":"ListItem","position":1,"name":"Inici","item":"https:\/\/prades.cat\/en\/"},{"@type":"ListItem","position":2,"name":"Prades se suma a la xarxa Thao per a la prevenci\u00f3 de l&#8217;obesitat infantil"}]},{"@type":"WebSite","@id":"https:\/\/prades.cat\/en\/#website","url":"https:\/\/prades.cat\/en\/","name":"Prades","description":"Web de l&#039;Ajuntament de Prades","potentialAction":[{"@type":"SearchAction","target":{"@type":"EntryPoint","urlTemplate":"https:\/\/prades.cat\/en\/?s={search_term_string}"},"query-input":"required name=search_term_string"}],"inLanguage":"en-US"},{"@type":"Person","@id":"https:\/\/prades.cat\/en\/#\/schema\/person\/bb3b528c79ba4d250c07c52ff2e9f36c","name":"prades","image":{"@type":"ImageObject","inLanguage":"en-US","@id":"https:\/\/prades.cat\/en\/#\/schema\/person\/image\/","url":"https:\/\/secure.gravatar.com\/avatar\/4da81faf6e00158cd344bd6f5f1b626e?s=96&d=mm&r=g","contentUrl":"https:\/\/secure.gravatar.com\/avatar\/4da81faf6e00158cd344bd6f5f1b626e?s=96&d=mm&r=g","caption":"prades"},"url":"https:\/\/prades.cat\/en\/author\/prades\/"}]}},"_links":{"self":[{"href":"https:\/\/prades.cat\/en\/wp-json\/wp\/v2\/posts\/945"}],"collection":[{"href":"https:\/\/prades.cat\/en\/wp-json\/wp\/v2\/posts"}],"about":[{"href":"https:\/\/prades.cat\/en\/wp-json\/wp\/v2\/types\/post"}],"author":[{"embeddable":true,"href":"https:\/\/prades.cat\/en\/wp-json\/wp\/v2\/users\/1"}],"replies":[{"embeddable":true,"href":"https:\/\/prades.cat\/en\/wp-json\/wp\/v2\/comments?post=945"}],"version-history":[{"count":2,"href":"https:\/\/prades.cat\/en\/wp-json\/wp\/v2\/posts\/945\/revisions"}],"predecessor-version":[{"id":948,"href":"https:\/\/prades.cat\/en\/wp-json\/wp\/v2\/posts\/945\/revisions\/948"}],"wp:featuredmedia":[{"embeddable":true,"href":"https:\/\/prades.cat\/en\/wp-json\/wp\/v2\/media\/946"}],"wp:attachment":[{"href":"https:\/\/prades.cat\/en\/wp-json\/wp\/v2\/media?parent=945"}],"wp:term":[{"taxonomy":"category","embeddable":true,"href":"https:\/\/prades.cat\/en\/wp-json\/wp\/v2\/categories?post=945"},{"taxonomy":"post_tag","embeddable":true,"href":"https:\/\/prades.cat\/en\/wp-json\/wp\/v2\/tags?post=945"}],"curies":[{"name":"wp","href":"https:\/\/api.w.org\/{rel}","templated":true}]}}