{"id":734,"date":"2013-10-04T00:00:41","date_gmt":"2013-10-03T23:00:41","guid":{"rendered":"https:\/\/prades.cat\/?p=734"},"modified":"2017-06-08T10:09:13","modified_gmt":"2017-06-08T09:09:13","slug":"finalitzades-les-obres-de-restauracio-de-la-facana-de-lesglesia-de-santa-maria","status":"publish","type":"post","link":"https:\/\/prades.cat\/en\/uncategorized-ca\/finalitzades-les-obres-de-restauracio-de-la-facana-de-lesglesia-de-santa-maria\/","title":{"rendered":"Finalitzades les obres de restauraci\u00f3 de la fa\u00e7ana de l&#8217;esgl\u00e9sia de Santa Maria"},"content":{"rendered":"<p>La portalada i la fa\u00e7ana renaixentista de l\u2019esgl\u00e9sia de Sta. Maria Major de Prades recuperen el seu esplendor, una vegada acabades les obres de restauraci\u00f3 i neteja. Les tasques que han durat tres mesos, han consistit en la neteja superficial de la pedra, la fixaci\u00f3 de fragments inestables, la reintegraci\u00f3 de junts, esquerdes i fissures amb morter de cal\u00e7 i la impermeabilitzaci\u00f3 de la cornisa; i han estat subvencionades per la Diputaci\u00f3 de Tarragona, amb el seguiment i la col\u00b7laboraci\u00f3 del Centre de Restauraci\u00f3 de Bens Mobles de Catalunya.<br \/>\nAquesta restauraci\u00f3, \u00e9s la darrera d\u2019una s\u00e8rie d\u2019obres de conservaci\u00f3 del patrimoni arquitect\u00f2nic de la vila de Prades, que s\u2019han portat a terme aquest any. Primer va ser la substituci\u00f3 d\u2019uns carreus molt degradats de la font emblem\u00e0tica de la Pla\u00e7a Major, i despr\u00e8s la consolidaci\u00f3 i embelliment del conjunt de l\u2019Arc del Ponus, que ha donat m\u00e9s visibilitat a aquest arc g\u00f2tic.<\/p>\n","protected":false},"excerpt":{"rendered":"<p>La portalada i la fa\u00e7ana renaixentista de l\u2019esgl\u00e9sia de Sta. Maria Major de Prades recuperen el seu esplendor, una vegada acabades les obres de restauraci\u00f3 i neteja. Les tasques que han durat tres mesos, han consistit en la neteja superficial de la pedra, la fixaci\u00f3&#8230;<\/p>\n","protected":false},"author":1,"featured_media":736,"comment_status":"closed","ping_status":"closed","sticky":false,"template":"","format":"standard","meta":{"footnotes":""},"categories":[1],"tags":[],"acf":[],"yoast_head":"<!-- This site is optimized with the Yoast SEO plugin v22.6 - https:\/\/yoast.com\/wordpress\/plugins\/seo\/ -->\n<title>Finalitzades les obres de restauraci\u00f3 de la fa\u00e7ana de l&#039;esgl\u00e9sia de Santa Maria - Prades<\/title>\n<meta name=\"robots\" content=\"index, follow, max-snippet:-1, max-image-preview:large, max-video-preview:-1\" \/>\n<link rel=\"canonical\" href=\"https:\/\/prades.cat\/en\/uncategorized-ca\/finalitzades-les-obres-de-restauracio-de-la-facana-de-lesglesia-de-santa-maria\/\" \/>\n<meta property=\"og:locale\" content=\"en_US\" \/>\n<meta property=\"og:type\" content=\"article\" \/>\n<meta property=\"og:title\" content=\"Finalitzades les obres de restauraci\u00f3 de la fa\u00e7ana de l&#039;esgl\u00e9sia de Santa Maria - Prades\" \/>\n<meta property=\"og:description\" content=\"La portalada i la fa\u00e7ana renaixentista de l\u2019esgl\u00e9sia de Sta. Maria Major de Prades recuperen el seu esplendor, una vegada acabades les obres de restauraci\u00f3 i neteja. Les tasques que han durat tres mesos, han consistit en la neteja superficial de la pedra, la fixaci\u00f3...\" \/>\n<meta property=\"og:url\" content=\"https:\/\/prades.cat\/en\/uncategorized-ca\/finalitzades-les-obres-de-restauracio-de-la-facana-de-lesglesia-de-santa-maria\/\" \/>\n<meta property=\"og:site_name\" content=\"Prades\" \/>\n<meta property=\"article:published_time\" content=\"2013-10-03T23:00:41+00:00\" \/>\n<meta property=\"article:modified_time\" content=\"2017-06-08T09:09:13+00:00\" \/>\n<meta property=\"og:image\" content=\"https:\/\/prades.cat\/wp-content\/uploads\/2017\/06\/576_1381914779Faana_esglsia1.jpg\" \/>\n\t<meta property=\"og:image:width\" content=\"576\" \/>\n\t<meta property=\"og:image:height\" content=\"357\" \/>\n\t<meta property=\"og:image:type\" content=\"image\/jpeg\" \/>\n<meta name=\"author\" content=\"prades\" \/>\n<meta name=\"twitter:card\" content=\"summary_large_image\" \/>\n<meta name=\"twitter:label1\" content=\"Written by\" \/>\n\t<meta name=\"twitter:data1\" content=\"prades\" \/>\n\t<meta name=\"twitter:label2\" content=\"Est. reading time\" \/>\n\t<meta name=\"twitter:data2\" content=\"1 minute\" \/>\n<script type=\"application\/ld+json\" class=\"yoast-schema-graph\">{\"@context\":\"https:\/\/schema.org\",\"@graph\":[{\"@type\":\"WebPage\",\"@id\":\"https:\/\/prades.cat\/en\/uncategorized-ca\/finalitzades-les-obres-de-restauracio-de-la-facana-de-lesglesia-de-santa-maria\/\",\"url\":\"https:\/\/prades.cat\/en\/uncategorized-ca\/finalitzades-les-obres-de-restauracio-de-la-facana-de-lesglesia-de-santa-maria\/\",\"name\":\"Finalitzades les obres de restauraci\u00f3 de la fa\u00e7ana de l'esgl\u00e9sia de Santa Maria - Prades\",\"isPartOf\":{\"@id\":\"https:\/\/prades.cat\/en\/#website\"},\"primaryImageOfPage\":{\"@id\":\"https:\/\/prades.cat\/en\/uncategorized-ca\/finalitzades-les-obres-de-restauracio-de-la-facana-de-lesglesia-de-santa-maria\/#primaryimage\"},\"image\":{\"@id\":\"https:\/\/prades.cat\/en\/uncategorized-ca\/finalitzades-les-obres-de-restauracio-de-la-facana-de-lesglesia-de-santa-maria\/#primaryimage\"},\"thumbnailUrl\":\"https:\/\/prades.cat\/wp-content\/uploads\/2017\/06\/576_1381914779Faana_esglsia1.jpg\",\"datePublished\":\"2013-10-03T23:00:41+00:00\",\"dateModified\":\"2017-06-08T09:09:13+00:00\",\"author\":{\"@id\":\"https:\/\/prades.cat\/en\/#\/schema\/person\/bb3b528c79ba4d250c07c52ff2e9f36c\"},\"breadcrumb\":{\"@id\":\"https:\/\/prades.cat\/en\/uncategorized-ca\/finalitzades-les-obres-de-restauracio-de-la-facana-de-lesglesia-de-santa-maria\/#breadcrumb\"},\"inLanguage\":\"en-US\",\"potentialAction\":[{\"@type\":\"ReadAction\",\"target\":[\"https:\/\/prades.cat\/en\/uncategorized-ca\/finalitzades-les-obres-de-restauracio-de-la-facana-de-lesglesia-de-santa-maria\/\"]}]},{\"@type\":\"ImageObject\",\"inLanguage\":\"en-US\",\"@id\":\"https:\/\/prades.cat\/en\/uncategorized-ca\/finalitzades-les-obres-de-restauracio-de-la-facana-de-lesglesia-de-santa-maria\/#primaryimage\",\"url\":\"https:\/\/prades.cat\/wp-content\/uploads\/2017\/06\/576_1381914779Faana_esglsia1.jpg\",\"contentUrl\":\"https:\/\/prades.cat\/wp-content\/uploads\/2017\/06\/576_1381914779Faana_esglsia1.jpg\",\"width\":576,\"height\":357},{\"@type\":\"BreadcrumbList\",\"@id\":\"https:\/\/prades.cat\/en\/uncategorized-ca\/finalitzades-les-obres-de-restauracio-de-la-facana-de-lesglesia-de-santa-maria\/#breadcrumb\",\"itemListElement\":[{\"@type\":\"ListItem\",\"position\":1,\"name\":\"Inici\",\"item\":\"https:\/\/prades.cat\/en\/\"},{\"@type\":\"ListItem\",\"position\":2,\"name\":\"Finalitzades les obres de restauraci\u00f3 de la fa\u00e7ana de l&#8217;esgl\u00e9sia de Santa Maria\"}]},{\"@type\":\"WebSite\",\"@id\":\"https:\/\/prades.cat\/en\/#website\",\"url\":\"https:\/\/prades.cat\/en\/\",\"name\":\"Prades\",\"description\":\"Web de l&#039;Ajuntament de Prades\",\"potentialAction\":[{\"@type\":\"SearchAction\",\"target\":{\"@type\":\"EntryPoint\",\"urlTemplate\":\"https:\/\/prades.cat\/en\/?s={search_term_string}\"},\"query-input\":\"required name=search_term_string\"}],\"inLanguage\":\"en-US\"},{\"@type\":\"Person\",\"@id\":\"https:\/\/prades.cat\/en\/#\/schema\/person\/bb3b528c79ba4d250c07c52ff2e9f36c\",\"name\":\"prades\",\"image\":{\"@type\":\"ImageObject\",\"inLanguage\":\"en-US\",\"@id\":\"https:\/\/prades.cat\/en\/#\/schema\/person\/image\/\",\"url\":\"https:\/\/secure.gravatar.com\/avatar\/4da81faf6e00158cd344bd6f5f1b626e?s=96&d=mm&r=g\",\"contentUrl\":\"https:\/\/secure.gravatar.com\/avatar\/4da81faf6e00158cd344bd6f5f1b626e?s=96&d=mm&r=g\",\"caption\":\"prades\"},\"url\":\"https:\/\/prades.cat\/en\/author\/prades\/\"}]}<\/script>\n<!-- \/ Yoast SEO plugin. -->","yoast_head_json":{"title":"Finalitzades les obres de restauraci\u00f3 de la fa\u00e7ana de l'esgl\u00e9sia de Santa Maria - Prades","robots":{"index":"index","follow":"follow","max-snippet":"max-snippet:-1","max-image-preview":"max-image-preview:large","max-video-preview":"max-video-preview:-1"},"canonical":"https:\/\/prades.cat\/en\/uncategorized-ca\/finalitzades-les-obres-de-restauracio-de-la-facana-de-lesglesia-de-santa-maria\/","og_locale":"en_US","og_type":"article","og_title":"Finalitzades les obres de restauraci\u00f3 de la fa\u00e7ana de l'esgl\u00e9sia de Santa Maria - Prades","og_description":"La portalada i la fa\u00e7ana renaixentista de l\u2019esgl\u00e9sia de Sta. Maria Major de Prades recuperen el seu esplendor, una vegada acabades les obres de restauraci\u00f3 i neteja. Les tasques que han durat tres mesos, han consistit en la neteja superficial de la pedra, la fixaci\u00f3...","og_url":"https:\/\/prades.cat\/en\/uncategorized-ca\/finalitzades-les-obres-de-restauracio-de-la-facana-de-lesglesia-de-santa-maria\/","og_site_name":"Prades","article_published_time":"2013-10-03T23:00:41+00:00","article_modified_time":"2017-06-08T09:09:13+00:00","og_image":[{"width":576,"height":357,"url":"https:\/\/prades.cat\/wp-content\/uploads\/2017\/06\/576_1381914779Faana_esglsia1.jpg","type":"image\/jpeg"}],"author":"prades","twitter_card":"summary_large_image","twitter_misc":{"Written by":"prades","Est. reading time":"1 minute"},"schema":{"@context":"https:\/\/schema.org","@graph":[{"@type":"WebPage","@id":"https:\/\/prades.cat\/en\/uncategorized-ca\/finalitzades-les-obres-de-restauracio-de-la-facana-de-lesglesia-de-santa-maria\/","url":"https:\/\/prades.cat\/en\/uncategorized-ca\/finalitzades-les-obres-de-restauracio-de-la-facana-de-lesglesia-de-santa-maria\/","name":"Finalitzades les obres de restauraci\u00f3 de la fa\u00e7ana de l'esgl\u00e9sia de Santa Maria - Prades","isPartOf":{"@id":"https:\/\/prades.cat\/en\/#website"},"primaryImageOfPage":{"@id":"https:\/\/prades.cat\/en\/uncategorized-ca\/finalitzades-les-obres-de-restauracio-de-la-facana-de-lesglesia-de-santa-maria\/#primaryimage"},"image":{"@id":"https:\/\/prades.cat\/en\/uncategorized-ca\/finalitzades-les-obres-de-restauracio-de-la-facana-de-lesglesia-de-santa-maria\/#primaryimage"},"thumbnailUrl":"https:\/\/prades.cat\/wp-content\/uploads\/2017\/06\/576_1381914779Faana_esglsia1.jpg","datePublished":"2013-10-03T23:00:41+00:00","dateModified":"2017-06-08T09:09:13+00:00","author":{"@id":"https:\/\/prades.cat\/en\/#\/schema\/person\/bb3b528c79ba4d250c07c52ff2e9f36c"},"breadcrumb":{"@id":"https:\/\/prades.cat\/en\/uncategorized-ca\/finalitzades-les-obres-de-restauracio-de-la-facana-de-lesglesia-de-santa-maria\/#breadcrumb"},"inLanguage":"en-US","potentialAction":[{"@type":"ReadAction","target":["https:\/\/prades.cat\/en\/uncategorized-ca\/finalitzades-les-obres-de-restauracio-de-la-facana-de-lesglesia-de-santa-maria\/"]}]},{"@type":"ImageObject","inLanguage":"en-US","@id":"https:\/\/prades.cat\/en\/uncategorized-ca\/finalitzades-les-obres-de-restauracio-de-la-facana-de-lesglesia-de-santa-maria\/#primaryimage","url":"https:\/\/prades.cat\/wp-content\/uploads\/2017\/06\/576_1381914779Faana_esglsia1.jpg","contentUrl":"https:\/\/prades.cat\/wp-content\/uploads\/2017\/06\/576_1381914779Faana_esglsia1.jpg","width":576,"height":357},{"@type":"BreadcrumbList","@id":"https:\/\/prades.cat\/en\/uncategorized-ca\/finalitzades-les-obres-de-restauracio-de-la-facana-de-lesglesia-de-santa-maria\/#breadcrumb","itemListElement":[{"@type":"ListItem","position":1,"name":"Inici","item":"https:\/\/prades.cat\/en\/"},{"@type":"ListItem","position":2,"name":"Finalitzades les obres de restauraci\u00f3 de la fa\u00e7ana de l&#8217;esgl\u00e9sia de Santa Maria"}]},{"@type":"WebSite","@id":"https:\/\/prades.cat\/en\/#website","url":"https:\/\/prades.cat\/en\/","name":"Prades","description":"Web de l&#039;Ajuntament de Prades","potentialAction":[{"@type":"SearchAction","target":{"@type":"EntryPoint","urlTemplate":"https:\/\/prades.cat\/en\/?s={search_term_string}"},"query-input":"required name=search_term_string"}],"inLanguage":"en-US"},{"@type":"Person","@id":"https:\/\/prades.cat\/en\/#\/schema\/person\/bb3b528c79ba4d250c07c52ff2e9f36c","name":"prades","image":{"@type":"ImageObject","inLanguage":"en-US","@id":"https:\/\/prades.cat\/en\/#\/schema\/person\/image\/","url":"https:\/\/secure.gravatar.com\/avatar\/4da81faf6e00158cd344bd6f5f1b626e?s=96&d=mm&r=g","contentUrl":"https:\/\/secure.gravatar.com\/avatar\/4da81faf6e00158cd344bd6f5f1b626e?s=96&d=mm&r=g","caption":"prades"},"url":"https:\/\/prades.cat\/en\/author\/prades\/"}]}},"_links":{"self":[{"href":"https:\/\/prades.cat\/en\/wp-json\/wp\/v2\/posts\/734"}],"collection":[{"href":"https:\/\/prades.cat\/en\/wp-json\/wp\/v2\/posts"}],"about":[{"href":"https:\/\/prades.cat\/en\/wp-json\/wp\/v2\/types\/post"}],"author":[{"embeddable":true,"href":"https:\/\/prades.cat\/en\/wp-json\/wp\/v2\/users\/1"}],"replies":[{"embeddable":true,"href":"https:\/\/prades.cat\/en\/wp-json\/wp\/v2\/comments?post=734"}],"version-history":[{"count":1,"href":"https:\/\/prades.cat\/en\/wp-json\/wp\/v2\/posts\/734\/revisions"}],"predecessor-version":[{"id":737,"href":"https:\/\/prades.cat\/en\/wp-json\/wp\/v2\/posts\/734\/revisions\/737"}],"wp:featuredmedia":[{"embeddable":true,"href":"https:\/\/prades.cat\/en\/wp-json\/wp\/v2\/media\/736"}],"wp:attachment":[{"href":"https:\/\/prades.cat\/en\/wp-json\/wp\/v2\/media?parent=734"}],"wp:term":[{"taxonomy":"category","embeddable":true,"href":"https:\/\/prades.cat\/en\/wp-json\/wp\/v2\/categories?post=734"},{"taxonomy":"post_tag","embeddable":true,"href":"https:\/\/prades.cat\/en\/wp-json\/wp\/v2\/tags?post=734"}],"curies":[{"name":"wp","href":"https:\/\/api.w.org\/{rel}","templated":true}]}}