{"id":6495,"date":"2021-10-18T00:14:00","date_gmt":"2021-10-17T23:14:00","guid":{"rendered":"https:\/\/prades.cat\/?p=6495"},"modified":"2021-12-30T00:18:38","modified_gmt":"2021-12-29T23:18:38","slug":"vuelve-la-ultra-trail-muntanyes-costa-daurada-a-prades-tras-la-pandemia-artur-moya-y-belen-simarro-se-imponen-en-los-65k-de-la-ultra-trail","status":"publish","type":"post","link":"https:\/\/prades.cat\/en\/notes-de-premsa\/vuelve-la-ultra-trail-muntanyes-costa-daurada-a-prades-tras-la-pandemia-artur-moya-y-belen-simarro-se-imponen-en-los-65k-de-la-ultra-trail\/","title":{"rendered":"VUELVE LA ULTRA TRAIL MUNTANYES COSTA DAURADA A PRADES TRAS LA PAND\u00c9MIA ARTUR MOYA Y BELEN SIMARRO SE IMPONEN EN LOS 65K DE LA ULTRA TRAIL"},"content":{"rendered":"\n<figure class=\"wp-block-image size-full\"><img decoding=\"async\" loading=\"lazy\" width=\"900\" height=\"600\" src=\"https:\/\/prades.cat\/wp-content\/uploads\/2021\/12\/salida-ultra-trail-65k.jpg\" alt=\"\" class=\"wp-image-6496\" srcset=\"https:\/\/prades.cat\/wp-content\/uploads\/2021\/12\/salida-ultra-trail-65k.jpg 900w, https:\/\/prades.cat\/wp-content\/uploads\/2021\/12\/salida-ultra-trail-65k-300x200.jpg 300w, https:\/\/prades.cat\/wp-content\/uploads\/2021\/12\/salida-ultra-trail-65k-768x512.jpg 768w, https:\/\/prades.cat\/wp-content\/uploads\/2021\/12\/salida-ultra-trail-65k-700x467.jpg 700w\" sizes=\"(max-width: 900px) 100vw, 900px\" \/><\/figure>\n\n\n\n<p>F\u00edn de semana espectacular de trail Running en la encantador pueblo de Prades, en el coraz\u00f3n de les Muntanyes Costa Daurada. Y es que volv\u00eda tras la pand\u00e8mia la Ultra Trail Muntanyes Costa Daurada, ya en su novena edici\u00f3n y con formato renovado, pasando de los 110km en la octava edici\u00f3n a 65k y 3.300 metros de desnivel positivo, y manteniendo las distancias cortas del Trail Prades de 22k, 11k y 7k. Y con la novedad de introducir el concepto de carrera por etapas al crear la Costa Daurada Stage Run, que combinaba la ultra Trail de 65k el s\u00e1bado 16 como primera etapa y el Trail de Prades 22k el domingo 17 como segunda etapa.<\/p>\n\n\n\n<p>M\u00e1s de 300 atletas se citaban en la Plaza Mayor de Prades, la gran mayor\u00eda trailrunners de toda Catalu\u00f1a, pero tambi\u00e9n de Castell\u00f3n, Baleares y Huesca, as\u00ed como andorranos, rumanos, croatas y americanos.<\/p>\n\n\n\n<p>La carrera de 65km estuvo muy disputada entre el grupo delantero de corredores. Un despiste de los primeros en el km 5, permiti\u00f3 al barcelon\u00e9s Artur Moya liderar la carrera y defenderla hasta meta. El grupo perseguidor no pudo recuperar la ventaja de Artur, que finalmente se hizo con la primera plaza con un tiempo de 7h49m26s. La segunda posici\u00f3n fue para el menorqu\u00edn Alex Urbina, con 8h10m19s, mientras que la tercera plaza estuvo muy re\u00f1ida entre el leridano Luis Fernando Moreno y el barcelon\u00e9s Jorge Centeno, aunque finalmente Jorge no pudo atrapar al ilerdense por escasos 15 segundos y Luis Fernando Moreno cerr\u00f3 el p\u00f3dium con un tiempo de 8h21m14s.<\/p>\n\n\n\n<p>En f\u00e9minas, des de un inicio Belen Simarro se puso primera y fue ampliando cada vez m\u00e1s la distancia entre sus rivales, pasando a escasos segundo por delante en el primer control (Grau del Saura), a tener m\u00e1s de 50 minutos en el \u00faltimo control situado en el Coll del Llop, antes de coronar la cima m\u00e1s alta de la comarca del Baix Camp, el Tossal de la Baltasana. La barcelonesa Bel\u00e9n Simarro, se alz\u00f3 con la victoria marcando un tiempo de 10h31m28s, mientras que la segunda y tercera plaza fuero compartidas por la Laura Terradas de Girona y la americana Jamie Bookwalker entrando juntas en meta con un tiempo de 11h38m48s.<\/p>\n\n\n\n<p>En la segunda jornada, destacaba el Trail Prades con varias distancias. La de 22km cerraba el circuito de Trail Running Evadict TrailSeries 21k, por lo que la expectaci\u00f3n era m\u00e1xima entre los atletas para hacer una buena carrera.<\/p>\n\n\n\n<p>En la 22k vol\u00f3 Roger Tarr\u00e9s (AE El sendero) junto a Gen\u00eds Porqueras (Patxanguerus Alforja) con un tiempo del primero de 1h51m02, y s\u00f3lo 3 segundos m\u00e1s tarde lo hac\u00eda el segundo. La tercera plaza fue para el barcelon\u00e9s&nbsp; Enrique Gomis con 1h56m05s. En f\u00e9minas, Sara Ricart (CE AlliberaAdrenalina) se impuso con claridad con 2h29m00s, seguida de la corredora local Sandra Gabarr\u00f3 (Nectina-MinicarPons) con 2h42m39s, seguida de cerca por Amalia Cubero (Natural DFN) en 2h43m20s.<\/p>\n\n\n\n<p>Y en la distancia de 11k se impuso Enric Caball\u00e9 (Trail Roquetes) con 55m11s, seguido de Marc Toda con 56m27s y cerr\u00f3 el p\u00f3dium Marc Llebaria con un tiempo de 58m05s. En f\u00e9minas, se impuso la junior Carla Gonzalez (Club Atletisme Tarragona) con 1h11m25s, seguida de Teresa Mart\u00edn con 1h14m16s y cerrando el p\u00f3dium, Silvia Agut (CE AlliberaAdrenalina) en 1h17m40s.<\/p>\n\n\n\n<p>Cerrando esta segunda etapa, se obtuvieron los resultados de la 1\u00aa edici\u00f3n de Costa Daurada Stage Run, con sorpresas incluidas, pues el campe\u00f3n de la ultra Trail Artur Moya, pas\u00f3 a la tercera posici\u00f3n con 10h56m09s, Jorge Centeno remont\u00f3 en el Trail 22k y asegur\u00f3 la segunda plaza con 10h49m30s, mientras que el menorqu\u00edn Alex Urbina con un ritmo m\u00e1s equilibrado, afinc\u00f3 con 10h21m02s el primer liderazgo de esta nueva distancia.&nbsp; En f\u00e9minas, Eva Gallego, que qued\u00f3 cuarta en la ultra Trail 65k, se impuso c\u00f3mo la nueva l\u00edder con 15h12m52s, seguida de Francisca Zaplana (17h54m45s) y Maria Dolsa (18h04m14s), obtuvieron la segunda y tercera plaza respectivamente, decidi\u00e9ndolo todo en el Trail 22k, ya que la etapa previa entraron juntas en meta.<\/p>\n\n\n\n<p>El evento deportivo, organizado por la Secci\u00f3 de Muntanya de la Agrupaci\u00f3n Cultural Vila-seca, y con la producci\u00f3n t\u00e9cnica de Naturetime Events, cont\u00f3 con la colaboraci\u00f3n del Consell Comarcal del Baix Camp, del Ayuntamiento de Prades, as\u00ed como los ayuntamientos del resto de municipios por d\u00f3nde se desarrollaba la carrera: Cornudella de Montsant, Arbol\u00ed, La Febr\u00f3, Mont-ral y Capafonts.<\/p>\n","protected":false},"excerpt":{"rendered":"<p>F\u00edn de semana espectacular de trail Running en la encantador pueblo de Prades, en el coraz\u00f3n de les Muntanyes Costa Daurada. Y es que volv\u00eda tras la pand\u00e8mia la Ultra Trail Muntanyes Costa Daurada, ya en su novena edici\u00f3n y con formato renovado, pasando de&#8230;<\/p>\n","protected":false},"author":1,"featured_media":6496,"comment_status":"closed","ping_status":"closed","sticky":false,"template":"","format":"standard","meta":{"footnotes":""},"categories":[8,5],"tags":[],"acf":[],"yoast_head":"<!-- This site is optimized with the Yoast SEO plugin v22.6 - https:\/\/yoast.com\/wordpress\/plugins\/seo\/ -->\n<title>VUELVE LA ULTRA TRAIL MUNTANYES COSTA DAURADA A PRADES TRAS LA PAND\u00c9MIA ARTUR MOYA Y BELEN SIMARRO SE IMPONEN EN LOS 65K DE LA ULTRA TRAIL - Prades<\/title>\n<meta name=\"robots\" content=\"index, follow, max-snippet:-1, max-image-preview:large, max-video-preview:-1\" \/>\n<link rel=\"canonical\" href=\"https:\/\/prades.cat\/en\/notes-de-premsa\/vuelve-la-ultra-trail-muntanyes-costa-daurada-a-prades-tras-la-pandemia-artur-moya-y-belen-simarro-se-imponen-en-los-65k-de-la-ultra-trail\/\" \/>\n<meta property=\"og:locale\" content=\"en_US\" \/>\n<meta property=\"og:type\" content=\"article\" \/>\n<meta property=\"og:title\" content=\"VUELVE LA ULTRA TRAIL MUNTANYES COSTA DAURADA A PRADES TRAS LA PAND\u00c9MIA ARTUR MOYA Y BELEN SIMARRO SE IMPONEN EN LOS 65K DE LA ULTRA TRAIL - Prades\" \/>\n<meta property=\"og:description\" content=\"F\u00edn de semana espectacular de trail Running en la encantador pueblo de Prades, en el coraz\u00f3n de les Muntanyes Costa Daurada. Y es que volv\u00eda tras la pand\u00e8mia la Ultra Trail Muntanyes Costa Daurada, ya en su novena edici\u00f3n y con formato renovado, pasando de...\" \/>\n<meta property=\"og:url\" content=\"https:\/\/prades.cat\/en\/notes-de-premsa\/vuelve-la-ultra-trail-muntanyes-costa-daurada-a-prades-tras-la-pandemia-artur-moya-y-belen-simarro-se-imponen-en-los-65k-de-la-ultra-trail\/\" \/>\n<meta property=\"og:site_name\" content=\"Prades\" \/>\n<meta property=\"article:published_time\" content=\"2021-10-17T23:14:00+00:00\" \/>\n<meta property=\"article:modified_time\" content=\"2021-12-29T23:18:38+00:00\" \/>\n<meta property=\"og:image\" content=\"https:\/\/prades.cat\/wp-content\/uploads\/2021\/12\/salida-ultra-trail-65k.jpg\" \/>\n\t<meta property=\"og:image:width\" content=\"900\" \/>\n\t<meta property=\"og:image:height\" content=\"600\" \/>\n\t<meta property=\"og:image:type\" content=\"image\/jpeg\" \/>\n<meta name=\"author\" content=\"prades\" \/>\n<meta name=\"twitter:card\" content=\"summary_large_image\" \/>\n<meta name=\"twitter:label1\" content=\"Written by\" \/>\n\t<meta name=\"twitter:data1\" content=\"prades\" \/>\n\t<meta name=\"twitter:label2\" content=\"Est. reading time\" \/>\n\t<meta name=\"twitter:data2\" content=\"4 minutes\" \/>\n<script type=\"application\/ld+json\" class=\"yoast-schema-graph\">{\"@context\":\"https:\/\/schema.org\",\"@graph\":[{\"@type\":\"WebPage\",\"@id\":\"https:\/\/prades.cat\/en\/notes-de-premsa\/vuelve-la-ultra-trail-muntanyes-costa-daurada-a-prades-tras-la-pandemia-artur-moya-y-belen-simarro-se-imponen-en-los-65k-de-la-ultra-trail\/\",\"url\":\"https:\/\/prades.cat\/en\/notes-de-premsa\/vuelve-la-ultra-trail-muntanyes-costa-daurada-a-prades-tras-la-pandemia-artur-moya-y-belen-simarro-se-imponen-en-los-65k-de-la-ultra-trail\/\",\"name\":\"VUELVE LA ULTRA TRAIL MUNTANYES COSTA DAURADA A PRADES TRAS LA PAND\u00c9MIA ARTUR MOYA Y BELEN SIMARRO SE IMPONEN EN LOS 65K DE LA ULTRA TRAIL - Prades\",\"isPartOf\":{\"@id\":\"https:\/\/prades.cat\/en\/#website\"},\"primaryImageOfPage\":{\"@id\":\"https:\/\/prades.cat\/en\/notes-de-premsa\/vuelve-la-ultra-trail-muntanyes-costa-daurada-a-prades-tras-la-pandemia-artur-moya-y-belen-simarro-se-imponen-en-los-65k-de-la-ultra-trail\/#primaryimage\"},\"image\":{\"@id\":\"https:\/\/prades.cat\/en\/notes-de-premsa\/vuelve-la-ultra-trail-muntanyes-costa-daurada-a-prades-tras-la-pandemia-artur-moya-y-belen-simarro-se-imponen-en-los-65k-de-la-ultra-trail\/#primaryimage\"},\"thumbnailUrl\":\"https:\/\/prades.cat\/wp-content\/uploads\/2021\/12\/salida-ultra-trail-65k.jpg\",\"datePublished\":\"2021-10-17T23:14:00+00:00\",\"dateModified\":\"2021-12-29T23:18:38+00:00\",\"author\":{\"@id\":\"https:\/\/prades.cat\/en\/#\/schema\/person\/bb3b528c79ba4d250c07c52ff2e9f36c\"},\"breadcrumb\":{\"@id\":\"https:\/\/prades.cat\/en\/notes-de-premsa\/vuelve-la-ultra-trail-muntanyes-costa-daurada-a-prades-tras-la-pandemia-artur-moya-y-belen-simarro-se-imponen-en-los-65k-de-la-ultra-trail\/#breadcrumb\"},\"inLanguage\":\"en-US\",\"potentialAction\":[{\"@type\":\"ReadAction\",\"target\":[\"https:\/\/prades.cat\/en\/notes-de-premsa\/vuelve-la-ultra-trail-muntanyes-costa-daurada-a-prades-tras-la-pandemia-artur-moya-y-belen-simarro-se-imponen-en-los-65k-de-la-ultra-trail\/\"]}]},{\"@type\":\"ImageObject\",\"inLanguage\":\"en-US\",\"@id\":\"https:\/\/prades.cat\/en\/notes-de-premsa\/vuelve-la-ultra-trail-muntanyes-costa-daurada-a-prades-tras-la-pandemia-artur-moya-y-belen-simarro-se-imponen-en-los-65k-de-la-ultra-trail\/#primaryimage\",\"url\":\"https:\/\/prades.cat\/wp-content\/uploads\/2021\/12\/salida-ultra-trail-65k.jpg\",\"contentUrl\":\"https:\/\/prades.cat\/wp-content\/uploads\/2021\/12\/salida-ultra-trail-65k.jpg\",\"width\":900,\"height\":600},{\"@type\":\"BreadcrumbList\",\"@id\":\"https:\/\/prades.cat\/en\/notes-de-premsa\/vuelve-la-ultra-trail-muntanyes-costa-daurada-a-prades-tras-la-pandemia-artur-moya-y-belen-simarro-se-imponen-en-los-65k-de-la-ultra-trail\/#breadcrumb\",\"itemListElement\":[{\"@type\":\"ListItem\",\"position\":1,\"name\":\"Inici\",\"item\":\"https:\/\/prades.cat\/en\/\"},{\"@type\":\"ListItem\",\"position\":2,\"name\":\"VUELVE LA ULTRA TRAIL MUNTANYES COSTA DAURADA A PRADES TRAS LA PAND\u00c9MIA ARTUR MOYA Y BELEN SIMARRO SE IMPONEN EN LOS 65K DE LA ULTRA TRAIL\"}]},{\"@type\":\"WebSite\",\"@id\":\"https:\/\/prades.cat\/en\/#website\",\"url\":\"https:\/\/prades.cat\/en\/\",\"name\":\"Prades\",\"description\":\"Web de l&#039;Ajuntament de Prades\",\"potentialAction\":[{\"@type\":\"SearchAction\",\"target\":{\"@type\":\"EntryPoint\",\"urlTemplate\":\"https:\/\/prades.cat\/en\/?s={search_term_string}\"},\"query-input\":\"required name=search_term_string\"}],\"inLanguage\":\"en-US\"},{\"@type\":\"Person\",\"@id\":\"https:\/\/prades.cat\/en\/#\/schema\/person\/bb3b528c79ba4d250c07c52ff2e9f36c\",\"name\":\"prades\",\"image\":{\"@type\":\"ImageObject\",\"inLanguage\":\"en-US\",\"@id\":\"https:\/\/prades.cat\/en\/#\/schema\/person\/image\/\",\"url\":\"https:\/\/secure.gravatar.com\/avatar\/4da81faf6e00158cd344bd6f5f1b626e?s=96&d=mm&r=g\",\"contentUrl\":\"https:\/\/secure.gravatar.com\/avatar\/4da81faf6e00158cd344bd6f5f1b626e?s=96&d=mm&r=g\",\"caption\":\"prades\"},\"url\":\"https:\/\/prades.cat\/en\/author\/prades\/\"}]}<\/script>\n<!-- \/ Yoast SEO plugin. -->","yoast_head_json":{"title":"VUELVE LA ULTRA TRAIL MUNTANYES COSTA DAURADA A PRADES TRAS LA PAND\u00c9MIA ARTUR MOYA Y BELEN SIMARRO SE IMPONEN EN LOS 65K DE LA ULTRA TRAIL - Prades","robots":{"index":"index","follow":"follow","max-snippet":"max-snippet:-1","max-image-preview":"max-image-preview:large","max-video-preview":"max-video-preview:-1"},"canonical":"https:\/\/prades.cat\/en\/notes-de-premsa\/vuelve-la-ultra-trail-muntanyes-costa-daurada-a-prades-tras-la-pandemia-artur-moya-y-belen-simarro-se-imponen-en-los-65k-de-la-ultra-trail\/","og_locale":"en_US","og_type":"article","og_title":"VUELVE LA ULTRA TRAIL MUNTANYES COSTA DAURADA A PRADES TRAS LA PAND\u00c9MIA ARTUR MOYA Y BELEN SIMARRO SE IMPONEN EN LOS 65K DE LA ULTRA TRAIL - Prades","og_description":"F\u00edn de semana espectacular de trail Running en la encantador pueblo de Prades, en el coraz\u00f3n de les Muntanyes Costa Daurada. Y es que volv\u00eda tras la pand\u00e8mia la Ultra Trail Muntanyes Costa Daurada, ya en su novena edici\u00f3n y con formato renovado, pasando de...","og_url":"https:\/\/prades.cat\/en\/notes-de-premsa\/vuelve-la-ultra-trail-muntanyes-costa-daurada-a-prades-tras-la-pandemia-artur-moya-y-belen-simarro-se-imponen-en-los-65k-de-la-ultra-trail\/","og_site_name":"Prades","article_published_time":"2021-10-17T23:14:00+00:00","article_modified_time":"2021-12-29T23:18:38+00:00","og_image":[{"width":900,"height":600,"url":"https:\/\/prades.cat\/wp-content\/uploads\/2021\/12\/salida-ultra-trail-65k.jpg","type":"image\/jpeg"}],"author":"prades","twitter_card":"summary_large_image","twitter_misc":{"Written by":"prades","Est. reading time":"4 minutes"},"schema":{"@context":"https:\/\/schema.org","@graph":[{"@type":"WebPage","@id":"https:\/\/prades.cat\/en\/notes-de-premsa\/vuelve-la-ultra-trail-muntanyes-costa-daurada-a-prades-tras-la-pandemia-artur-moya-y-belen-simarro-se-imponen-en-los-65k-de-la-ultra-trail\/","url":"https:\/\/prades.cat\/en\/notes-de-premsa\/vuelve-la-ultra-trail-muntanyes-costa-daurada-a-prades-tras-la-pandemia-artur-moya-y-belen-simarro-se-imponen-en-los-65k-de-la-ultra-trail\/","name":"VUELVE LA ULTRA TRAIL MUNTANYES COSTA DAURADA A PRADES TRAS LA PAND\u00c9MIA ARTUR MOYA Y BELEN SIMARRO SE IMPONEN EN LOS 65K DE LA ULTRA TRAIL - Prades","isPartOf":{"@id":"https:\/\/prades.cat\/en\/#website"},"primaryImageOfPage":{"@id":"https:\/\/prades.cat\/en\/notes-de-premsa\/vuelve-la-ultra-trail-muntanyes-costa-daurada-a-prades-tras-la-pandemia-artur-moya-y-belen-simarro-se-imponen-en-los-65k-de-la-ultra-trail\/#primaryimage"},"image":{"@id":"https:\/\/prades.cat\/en\/notes-de-premsa\/vuelve-la-ultra-trail-muntanyes-costa-daurada-a-prades-tras-la-pandemia-artur-moya-y-belen-simarro-se-imponen-en-los-65k-de-la-ultra-trail\/#primaryimage"},"thumbnailUrl":"https:\/\/prades.cat\/wp-content\/uploads\/2021\/12\/salida-ultra-trail-65k.jpg","datePublished":"2021-10-17T23:14:00+00:00","dateModified":"2021-12-29T23:18:38+00:00","author":{"@id":"https:\/\/prades.cat\/en\/#\/schema\/person\/bb3b528c79ba4d250c07c52ff2e9f36c"},"breadcrumb":{"@id":"https:\/\/prades.cat\/en\/notes-de-premsa\/vuelve-la-ultra-trail-muntanyes-costa-daurada-a-prades-tras-la-pandemia-artur-moya-y-belen-simarro-se-imponen-en-los-65k-de-la-ultra-trail\/#breadcrumb"},"inLanguage":"en-US","potentialAction":[{"@type":"ReadAction","target":["https:\/\/prades.cat\/en\/notes-de-premsa\/vuelve-la-ultra-trail-muntanyes-costa-daurada-a-prades-tras-la-pandemia-artur-moya-y-belen-simarro-se-imponen-en-los-65k-de-la-ultra-trail\/"]}]},{"@type":"ImageObject","inLanguage":"en-US","@id":"https:\/\/prades.cat\/en\/notes-de-premsa\/vuelve-la-ultra-trail-muntanyes-costa-daurada-a-prades-tras-la-pandemia-artur-moya-y-belen-simarro-se-imponen-en-los-65k-de-la-ultra-trail\/#primaryimage","url":"https:\/\/prades.cat\/wp-content\/uploads\/2021\/12\/salida-ultra-trail-65k.jpg","contentUrl":"https:\/\/prades.cat\/wp-content\/uploads\/2021\/12\/salida-ultra-trail-65k.jpg","width":900,"height":600},{"@type":"BreadcrumbList","@id":"https:\/\/prades.cat\/en\/notes-de-premsa\/vuelve-la-ultra-trail-muntanyes-costa-daurada-a-prades-tras-la-pandemia-artur-moya-y-belen-simarro-se-imponen-en-los-65k-de-la-ultra-trail\/#breadcrumb","itemListElement":[{"@type":"ListItem","position":1,"name":"Inici","item":"https:\/\/prades.cat\/en\/"},{"@type":"ListItem","position":2,"name":"VUELVE LA ULTRA TRAIL MUNTANYES COSTA DAURADA A PRADES TRAS LA PAND\u00c9MIA ARTUR MOYA Y BELEN SIMARRO SE IMPONEN EN LOS 65K DE LA ULTRA TRAIL"}]},{"@type":"WebSite","@id":"https:\/\/prades.cat\/en\/#website","url":"https:\/\/prades.cat\/en\/","name":"Prades","description":"Web de l&#039;Ajuntament de Prades","potentialAction":[{"@type":"SearchAction","target":{"@type":"EntryPoint","urlTemplate":"https:\/\/prades.cat\/en\/?s={search_term_string}"},"query-input":"required name=search_term_string"}],"inLanguage":"en-US"},{"@type":"Person","@id":"https:\/\/prades.cat\/en\/#\/schema\/person\/bb3b528c79ba4d250c07c52ff2e9f36c","name":"prades","image":{"@type":"ImageObject","inLanguage":"en-US","@id":"https:\/\/prades.cat\/en\/#\/schema\/person\/image\/","url":"https:\/\/secure.gravatar.com\/avatar\/4da81faf6e00158cd344bd6f5f1b626e?s=96&d=mm&r=g","contentUrl":"https:\/\/secure.gravatar.com\/avatar\/4da81faf6e00158cd344bd6f5f1b626e?s=96&d=mm&r=g","caption":"prades"},"url":"https:\/\/prades.cat\/en\/author\/prades\/"}]}},"_links":{"self":[{"href":"https:\/\/prades.cat\/en\/wp-json\/wp\/v2\/posts\/6495"}],"collection":[{"href":"https:\/\/prades.cat\/en\/wp-json\/wp\/v2\/posts"}],"about":[{"href":"https:\/\/prades.cat\/en\/wp-json\/wp\/v2\/types\/post"}],"author":[{"embeddable":true,"href":"https:\/\/prades.cat\/en\/wp-json\/wp\/v2\/users\/1"}],"replies":[{"embeddable":true,"href":"https:\/\/prades.cat\/en\/wp-json\/wp\/v2\/comments?post=6495"}],"version-history":[{"count":1,"href":"https:\/\/prades.cat\/en\/wp-json\/wp\/v2\/posts\/6495\/revisions"}],"predecessor-version":[{"id":6499,"href":"https:\/\/prades.cat\/en\/wp-json\/wp\/v2\/posts\/6495\/revisions\/6499"}],"wp:featuredmedia":[{"embeddable":true,"href":"https:\/\/prades.cat\/en\/wp-json\/wp\/v2\/media\/6496"}],"wp:attachment":[{"href":"https:\/\/prades.cat\/en\/wp-json\/wp\/v2\/media?parent=6495"}],"wp:term":[{"taxonomy":"category","embeddable":true,"href":"https:\/\/prades.cat\/en\/wp-json\/wp\/v2\/categories?post=6495"},{"taxonomy":"post_tag","embeddable":true,"href":"https:\/\/prades.cat\/en\/wp-json\/wp\/v2\/tags?post=6495"}],"curies":[{"name":"wp","href":"https:\/\/api.w.org\/{rel}","templated":true}]}}