{"id":2695,"date":"2018-08-11T11:32:26","date_gmt":"2018-08-11T10:32:26","guid":{"rendered":"https:\/\/prades.cat\/?p=2695"},"modified":"2018-08-11T11:32:26","modified_gmt":"2018-08-11T10:32:26","slug":"vinyetes-historia-del-comic-en-catala-arriba-a-prades-a-lestiu","status":"publish","type":"post","link":"https:\/\/prades.cat\/en\/notes-de-premsa\/vinyetes-historia-del-comic-en-catala-arriba-a-prades-a-lestiu\/","title":{"rendered":"\u201cVinyetes: hist\u00f2ria del c\u00f2mic en catal\u00e0\u201d arriba a Prades a l\u2019estiu"},"content":{"rendered":"<p><a href=\"https:\/\/prades.cat\/wp-content\/uploads\/2018\/08\/WhatsApp-Image-2018-08-10-at-8.51.12-AM.jpeg\"><img decoding=\"async\" loading=\"lazy\" class=\" wp-image-2696 alignright\" src=\"https:\/\/prades.cat\/wp-content\/uploads\/2018\/08\/WhatsApp-Image-2018-08-10-at-8.51.12-AM-768x1024.jpeg\" alt=\"\" width=\"445\" height=\"594\" srcset=\"https:\/\/prades.cat\/wp-content\/uploads\/2018\/08\/WhatsApp-Image-2018-08-10-at-8.51.12-AM-768x1024.jpeg 768w, https:\/\/prades.cat\/wp-content\/uploads\/2018\/08\/WhatsApp-Image-2018-08-10-at-8.51.12-AM-225x300.jpeg 225w, https:\/\/prades.cat\/wp-content\/uploads\/2018\/08\/WhatsApp-Image-2018-08-10-at-8.51.12-AM-600x800.jpeg 600w, https:\/\/prades.cat\/wp-content\/uploads\/2018\/08\/WhatsApp-Image-2018-08-10-at-8.51.12-AM-700x933.jpeg 700w, https:\/\/prades.cat\/wp-content\/uploads\/2018\/08\/WhatsApp-Image-2018-08-10-at-8.51.12-AM.jpeg 1200w\" sizes=\"(max-width: 445px) 100vw, 445px\" \/><\/a><\/p>\n<p>&nbsp;<\/p>\n<p>&nbsp;<\/p>\n<p>&nbsp;<\/p>\n<p><strong>La mostra es podr\u00e0 visitar del 8 al 28 d\u2019agost al Centre C\u00edvic<\/strong><\/p>\n<p>Aquesta exposici\u00f3, que cedeix gratu\u00eftament el Centre de Normalitzaci\u00f3 Ling\u00fc\u00edstica de l\u2019\u00c0rea de Reus Miquel Ventura, es podr\u00e0 visitar del 8 al 28 d\u2019agost al Centre C\u00edvic de Prades (c. de la Muralla, 3), per complementar les activitats que celebra el municipi el mes d\u2019agost (Les Jornades \u201cEn temps de la Reina Margarida\u201d, del 6 al 17; la festa de Santa Maria, el dia 15, i la Milla de Prades i les festes i fires, el tercer cap de setmana d\u2019agost, entre altres.).<\/p>\n<p>\u201cVinyetes: hist\u00f2ria del c\u00f2mic en catal\u00e0\u201d \u00e9s una exposici\u00f3 divulgativa i sint\u00e8tica que fa un breu recorregut per la hist\u00f2ria del c\u00f2mic en catal\u00e0, mostra els lligams amb les diferents escoles \u2013de creaci\u00f3 i de traducci\u00f3\u2013 i posa de manifest la import\u00e0ncia del nov\u00e8 art en la societat contempor\u00e0nia.<\/p>\n<p>La mostra va comen\u00e7ar el seu recorregut a Reus el 2017 i, des d\u2019aleshores, ja ha estat exposada en centres educatius de la ciutat i altres pobles de la comarca, les Borges del Camp, la Selva del Camp, Riudecanyes, Montbri\u00f3 i Vinyols i els Arcs. Despr\u00e9s del seu pas per Prades, recorrer\u00e0 el Priorat, per\u00f2 a la tardor tornar\u00e0 i s\u2019instal\u00b7lar\u00e0 unes setmanes a Riudoms.<\/p>\n<p>&nbsp;<\/p>\n<p>&nbsp;<\/p>\n<p><a href=\"https:\/\/prades.cat\/wp-content\/uploads\/2018\/08\/cartell-vinyetes.jpg\"><img decoding=\"async\" loading=\"lazy\" class=\"size-large wp-image-2671 aligncenter\" src=\"https:\/\/prades.cat\/wp-content\/uploads\/2018\/08\/cartell-vinyetes-724x1024.jpg\" alt=\"\" width=\"724\" height=\"1024\" srcset=\"https:\/\/prades.cat\/wp-content\/uploads\/2018\/08\/cartell-vinyetes-724x1024.jpg 724w, https:\/\/prades.cat\/wp-content\/uploads\/2018\/08\/cartell-vinyetes-212x300.jpg 212w, https:\/\/prades.cat\/wp-content\/uploads\/2018\/08\/cartell-vinyetes-768x1087.jpg 768w, https:\/\/prades.cat\/wp-content\/uploads\/2018\/08\/cartell-vinyetes-700x990.jpg 700w\" sizes=\"(max-width: 724px) 100vw, 724px\" \/><\/a><\/p>\n<p>&nbsp;<\/p>\n","protected":false},"excerpt":{"rendered":"<p>&nbsp; &nbsp; &nbsp; La mostra es podr\u00e0 visitar del 8 al 28 d\u2019agost al Centre C\u00edvic Aquesta exposici\u00f3, que cedeix gratu\u00eftament el Centre de Normalitzaci\u00f3 Ling\u00fc\u00edstica de l\u2019\u00c0rea de Reus Miquel Ventura, es podr\u00e0 visitar del 8 al 28 d\u2019agost al Centre C\u00edvic de Prades&#8230;<\/p>\n","protected":false},"author":1,"featured_media":2671,"comment_status":"closed","ping_status":"closed","sticky":false,"template":"","format":"standard","meta":{"footnotes":""},"categories":[9,5],"tags":[],"acf":[],"yoast_head":"<!-- This site is optimized with the Yoast SEO plugin v22.6 - https:\/\/yoast.com\/wordpress\/plugins\/seo\/ -->\n<title>\u201cVinyetes: hist\u00f2ria del c\u00f2mic en catal\u00e0\u201d arriba a Prades a l\u2019estiu - Prades<\/title>\n<meta name=\"robots\" content=\"index, follow, max-snippet:-1, max-image-preview:large, max-video-preview:-1\" \/>\n<link rel=\"canonical\" href=\"https:\/\/prades.cat\/en\/notes-de-premsa\/vinyetes-historia-del-comic-en-catala-arriba-a-prades-a-lestiu\/\" \/>\n<meta property=\"og:locale\" content=\"en_US\" \/>\n<meta property=\"og:type\" content=\"article\" \/>\n<meta property=\"og:title\" content=\"\u201cVinyetes: hist\u00f2ria del c\u00f2mic en catal\u00e0\u201d arriba a Prades a l\u2019estiu - Prades\" \/>\n<meta property=\"og:description\" content=\"&nbsp; &nbsp; &nbsp; La mostra es podr\u00e0 visitar del 8 al 28 d\u2019agost al Centre C\u00edvic Aquesta exposici\u00f3, que cedeix gratu\u00eftament el Centre de Normalitzaci\u00f3 Ling\u00fc\u00edstica de l\u2019\u00c0rea de Reus Miquel Ventura, es podr\u00e0 visitar del 8 al 28 d\u2019agost al Centre C\u00edvic de Prades...\" \/>\n<meta property=\"og:url\" content=\"https:\/\/prades.cat\/en\/notes-de-premsa\/vinyetes-historia-del-comic-en-catala-arriba-a-prades-a-lestiu\/\" \/>\n<meta property=\"og:site_name\" content=\"Prades\" \/>\n<meta property=\"article:published_time\" content=\"2018-08-11T10:32:26+00:00\" \/>\n<meta property=\"og:image\" content=\"https:\/\/prades.cat\/wp-content\/uploads\/2018\/08\/cartell-vinyetes.jpg\" \/>\n\t<meta property=\"og:image:width\" content=\"2480\" \/>\n\t<meta property=\"og:image:height\" content=\"3509\" \/>\n\t<meta property=\"og:image:type\" content=\"image\/jpeg\" \/>\n<meta name=\"author\" content=\"prades\" \/>\n<meta name=\"twitter:card\" content=\"summary_large_image\" \/>\n<meta name=\"twitter:label1\" content=\"Written by\" \/>\n\t<meta name=\"twitter:data1\" content=\"prades\" \/>\n\t<meta name=\"twitter:label2\" content=\"Est. reading time\" \/>\n\t<meta name=\"twitter:data2\" content=\"1 minute\" \/>\n<script type=\"application\/ld+json\" class=\"yoast-schema-graph\">{\"@context\":\"https:\/\/schema.org\",\"@graph\":[{\"@type\":\"WebPage\",\"@id\":\"https:\/\/prades.cat\/en\/notes-de-premsa\/vinyetes-historia-del-comic-en-catala-arriba-a-prades-a-lestiu\/\",\"url\":\"https:\/\/prades.cat\/en\/notes-de-premsa\/vinyetes-historia-del-comic-en-catala-arriba-a-prades-a-lestiu\/\",\"name\":\"\u201cVinyetes: hist\u00f2ria del c\u00f2mic en catal\u00e0\u201d arriba a Prades a l\u2019estiu - Prades\",\"isPartOf\":{\"@id\":\"https:\/\/prades.cat\/en\/#website\"},\"primaryImageOfPage\":{\"@id\":\"https:\/\/prades.cat\/en\/notes-de-premsa\/vinyetes-historia-del-comic-en-catala-arriba-a-prades-a-lestiu\/#primaryimage\"},\"image\":{\"@id\":\"https:\/\/prades.cat\/en\/notes-de-premsa\/vinyetes-historia-del-comic-en-catala-arriba-a-prades-a-lestiu\/#primaryimage\"},\"thumbnailUrl\":\"https:\/\/prades.cat\/wp-content\/uploads\/2018\/08\/cartell-vinyetes.jpg\",\"datePublished\":\"2018-08-11T10:32:26+00:00\",\"dateModified\":\"2018-08-11T10:32:26+00:00\",\"author\":{\"@id\":\"https:\/\/prades.cat\/en\/#\/schema\/person\/bb3b528c79ba4d250c07c52ff2e9f36c\"},\"breadcrumb\":{\"@id\":\"https:\/\/prades.cat\/en\/notes-de-premsa\/vinyetes-historia-del-comic-en-catala-arriba-a-prades-a-lestiu\/#breadcrumb\"},\"inLanguage\":\"en-US\",\"potentialAction\":[{\"@type\":\"ReadAction\",\"target\":[\"https:\/\/prades.cat\/en\/notes-de-premsa\/vinyetes-historia-del-comic-en-catala-arriba-a-prades-a-lestiu\/\"]}]},{\"@type\":\"ImageObject\",\"inLanguage\":\"en-US\",\"@id\":\"https:\/\/prades.cat\/en\/notes-de-premsa\/vinyetes-historia-del-comic-en-catala-arriba-a-prades-a-lestiu\/#primaryimage\",\"url\":\"https:\/\/prades.cat\/wp-content\/uploads\/2018\/08\/cartell-vinyetes.jpg\",\"contentUrl\":\"https:\/\/prades.cat\/wp-content\/uploads\/2018\/08\/cartell-vinyetes.jpg\",\"width\":2480,\"height\":3509},{\"@type\":\"BreadcrumbList\",\"@id\":\"https:\/\/prades.cat\/en\/notes-de-premsa\/vinyetes-historia-del-comic-en-catala-arriba-a-prades-a-lestiu\/#breadcrumb\",\"itemListElement\":[{\"@type\":\"ListItem\",\"position\":1,\"name\":\"Inici\",\"item\":\"https:\/\/prades.cat\/en\/\"},{\"@type\":\"ListItem\",\"position\":2,\"name\":\"\u201cVinyetes: hist\u00f2ria del c\u00f2mic en catal\u00e0\u201d arriba a Prades a l\u2019estiu\"}]},{\"@type\":\"WebSite\",\"@id\":\"https:\/\/prades.cat\/en\/#website\",\"url\":\"https:\/\/prades.cat\/en\/\",\"name\":\"Prades\",\"description\":\"Web de l&#039;Ajuntament de Prades\",\"potentialAction\":[{\"@type\":\"SearchAction\",\"target\":{\"@type\":\"EntryPoint\",\"urlTemplate\":\"https:\/\/prades.cat\/en\/?s={search_term_string}\"},\"query-input\":\"required name=search_term_string\"}],\"inLanguage\":\"en-US\"},{\"@type\":\"Person\",\"@id\":\"https:\/\/prades.cat\/en\/#\/schema\/person\/bb3b528c79ba4d250c07c52ff2e9f36c\",\"name\":\"prades\",\"image\":{\"@type\":\"ImageObject\",\"inLanguage\":\"en-US\",\"@id\":\"https:\/\/prades.cat\/en\/#\/schema\/person\/image\/\",\"url\":\"https:\/\/secure.gravatar.com\/avatar\/4da81faf6e00158cd344bd6f5f1b626e?s=96&d=mm&r=g\",\"contentUrl\":\"https:\/\/secure.gravatar.com\/avatar\/4da81faf6e00158cd344bd6f5f1b626e?s=96&d=mm&r=g\",\"caption\":\"prades\"},\"url\":\"https:\/\/prades.cat\/en\/author\/prades\/\"}]}<\/script>\n<!-- \/ Yoast SEO plugin. -->","yoast_head_json":{"title":"\u201cVinyetes: hist\u00f2ria del c\u00f2mic en catal\u00e0\u201d arriba a Prades a l\u2019estiu - Prades","robots":{"index":"index","follow":"follow","max-snippet":"max-snippet:-1","max-image-preview":"max-image-preview:large","max-video-preview":"max-video-preview:-1"},"canonical":"https:\/\/prades.cat\/en\/notes-de-premsa\/vinyetes-historia-del-comic-en-catala-arriba-a-prades-a-lestiu\/","og_locale":"en_US","og_type":"article","og_title":"\u201cVinyetes: hist\u00f2ria del c\u00f2mic en catal\u00e0\u201d arriba a Prades a l\u2019estiu - Prades","og_description":"&nbsp; &nbsp; &nbsp; La mostra es podr\u00e0 visitar del 8 al 28 d\u2019agost al Centre C\u00edvic Aquesta exposici\u00f3, que cedeix gratu\u00eftament el Centre de Normalitzaci\u00f3 Ling\u00fc\u00edstica de l\u2019\u00c0rea de Reus Miquel Ventura, es podr\u00e0 visitar del 8 al 28 d\u2019agost al Centre C\u00edvic de Prades...","og_url":"https:\/\/prades.cat\/en\/notes-de-premsa\/vinyetes-historia-del-comic-en-catala-arriba-a-prades-a-lestiu\/","og_site_name":"Prades","article_published_time":"2018-08-11T10:32:26+00:00","og_image":[{"width":2480,"height":3509,"url":"https:\/\/prades.cat\/wp-content\/uploads\/2018\/08\/cartell-vinyetes.jpg","type":"image\/jpeg"}],"author":"prades","twitter_card":"summary_large_image","twitter_misc":{"Written by":"prades","Est. reading time":"1 minute"},"schema":{"@context":"https:\/\/schema.org","@graph":[{"@type":"WebPage","@id":"https:\/\/prades.cat\/en\/notes-de-premsa\/vinyetes-historia-del-comic-en-catala-arriba-a-prades-a-lestiu\/","url":"https:\/\/prades.cat\/en\/notes-de-premsa\/vinyetes-historia-del-comic-en-catala-arriba-a-prades-a-lestiu\/","name":"\u201cVinyetes: hist\u00f2ria del c\u00f2mic en catal\u00e0\u201d arriba a Prades a l\u2019estiu - Prades","isPartOf":{"@id":"https:\/\/prades.cat\/en\/#website"},"primaryImageOfPage":{"@id":"https:\/\/prades.cat\/en\/notes-de-premsa\/vinyetes-historia-del-comic-en-catala-arriba-a-prades-a-lestiu\/#primaryimage"},"image":{"@id":"https:\/\/prades.cat\/en\/notes-de-premsa\/vinyetes-historia-del-comic-en-catala-arriba-a-prades-a-lestiu\/#primaryimage"},"thumbnailUrl":"https:\/\/prades.cat\/wp-content\/uploads\/2018\/08\/cartell-vinyetes.jpg","datePublished":"2018-08-11T10:32:26+00:00","dateModified":"2018-08-11T10:32:26+00:00","author":{"@id":"https:\/\/prades.cat\/en\/#\/schema\/person\/bb3b528c79ba4d250c07c52ff2e9f36c"},"breadcrumb":{"@id":"https:\/\/prades.cat\/en\/notes-de-premsa\/vinyetes-historia-del-comic-en-catala-arriba-a-prades-a-lestiu\/#breadcrumb"},"inLanguage":"en-US","potentialAction":[{"@type":"ReadAction","target":["https:\/\/prades.cat\/en\/notes-de-premsa\/vinyetes-historia-del-comic-en-catala-arriba-a-prades-a-lestiu\/"]}]},{"@type":"ImageObject","inLanguage":"en-US","@id":"https:\/\/prades.cat\/en\/notes-de-premsa\/vinyetes-historia-del-comic-en-catala-arriba-a-prades-a-lestiu\/#primaryimage","url":"https:\/\/prades.cat\/wp-content\/uploads\/2018\/08\/cartell-vinyetes.jpg","contentUrl":"https:\/\/prades.cat\/wp-content\/uploads\/2018\/08\/cartell-vinyetes.jpg","width":2480,"height":3509},{"@type":"BreadcrumbList","@id":"https:\/\/prades.cat\/en\/notes-de-premsa\/vinyetes-historia-del-comic-en-catala-arriba-a-prades-a-lestiu\/#breadcrumb","itemListElement":[{"@type":"ListItem","position":1,"name":"Inici","item":"https:\/\/prades.cat\/en\/"},{"@type":"ListItem","position":2,"name":"\u201cVinyetes: hist\u00f2ria del c\u00f2mic en catal\u00e0\u201d arriba a Prades a l\u2019estiu"}]},{"@type":"WebSite","@id":"https:\/\/prades.cat\/en\/#website","url":"https:\/\/prades.cat\/en\/","name":"Prades","description":"Web de l&#039;Ajuntament de Prades","potentialAction":[{"@type":"SearchAction","target":{"@type":"EntryPoint","urlTemplate":"https:\/\/prades.cat\/en\/?s={search_term_string}"},"query-input":"required name=search_term_string"}],"inLanguage":"en-US"},{"@type":"Person","@id":"https:\/\/prades.cat\/en\/#\/schema\/person\/bb3b528c79ba4d250c07c52ff2e9f36c","name":"prades","image":{"@type":"ImageObject","inLanguage":"en-US","@id":"https:\/\/prades.cat\/en\/#\/schema\/person\/image\/","url":"https:\/\/secure.gravatar.com\/avatar\/4da81faf6e00158cd344bd6f5f1b626e?s=96&d=mm&r=g","contentUrl":"https:\/\/secure.gravatar.com\/avatar\/4da81faf6e00158cd344bd6f5f1b626e?s=96&d=mm&r=g","caption":"prades"},"url":"https:\/\/prades.cat\/en\/author\/prades\/"}]}},"_links":{"self":[{"href":"https:\/\/prades.cat\/en\/wp-json\/wp\/v2\/posts\/2695"}],"collection":[{"href":"https:\/\/prades.cat\/en\/wp-json\/wp\/v2\/posts"}],"about":[{"href":"https:\/\/prades.cat\/en\/wp-json\/wp\/v2\/types\/post"}],"author":[{"embeddable":true,"href":"https:\/\/prades.cat\/en\/wp-json\/wp\/v2\/users\/1"}],"replies":[{"embeddable":true,"href":"https:\/\/prades.cat\/en\/wp-json\/wp\/v2\/comments?post=2695"}],"version-history":[{"count":1,"href":"https:\/\/prades.cat\/en\/wp-json\/wp\/v2\/posts\/2695\/revisions"}],"predecessor-version":[{"id":2699,"href":"https:\/\/prades.cat\/en\/wp-json\/wp\/v2\/posts\/2695\/revisions\/2699"}],"wp:featuredmedia":[{"embeddable":true,"href":"https:\/\/prades.cat\/en\/wp-json\/wp\/v2\/media\/2671"}],"wp:attachment":[{"href":"https:\/\/prades.cat\/en\/wp-json\/wp\/v2\/media?parent=2695"}],"wp:term":[{"taxonomy":"category","embeddable":true,"href":"https:\/\/prades.cat\/en\/wp-json\/wp\/v2\/categories?post=2695"},{"taxonomy":"post_tag","embeddable":true,"href":"https:\/\/prades.cat\/en\/wp-json\/wp\/v2\/tags?post=2695"}],"curies":[{"name":"wp","href":"https:\/\/api.w.org\/{rel}","templated":true}]}}