{"id":2352,"date":"2018-06-21T08:28:33","date_gmt":"2018-06-21T07:28:33","guid":{"rendered":"https:\/\/prades.cat\/?p=2352"},"modified":"2018-06-25T15:40:25","modified_gmt":"2018-06-25T14:40:25","slug":"periodistes-russos-visiten-la-vila-de-prades","status":"publish","type":"post","link":"https:\/\/prades.cat\/en\/notes-de-premsa\/periodistes-russos-visiten-la-vila-de-prades\/","title":{"rendered":"Prades rep la visita de periodistes russos"},"content":{"rendered":"<p><a href=\"https:\/\/prades.cat\/wp-content\/uploads\/2018\/06\/IMG-20180617-WA0019.jpg\"><img decoding=\"async\" loading=\"lazy\" class=\"wp-image-2353 alignright\" src=\"https:\/\/prades.cat\/wp-content\/uploads\/2018\/06\/IMG-20180617-WA0019-1024x1024.jpg\" alt=\"\" width=\"406\" height=\"406\" srcset=\"https:\/\/prades.cat\/wp-content\/uploads\/2018\/06\/IMG-20180617-WA0019-1024x1024.jpg 1024w, https:\/\/prades.cat\/wp-content\/uploads\/2018\/06\/IMG-20180617-WA0019-150x150.jpg 150w, https:\/\/prades.cat\/wp-content\/uploads\/2018\/06\/IMG-20180617-WA0019-300x300.jpg 300w, https:\/\/prades.cat\/wp-content\/uploads\/2018\/06\/IMG-20180617-WA0019-768x768.jpg 768w, https:\/\/prades.cat\/wp-content\/uploads\/2018\/06\/IMG-20180617-WA0019-570x570.jpg 570w, https:\/\/prades.cat\/wp-content\/uploads\/2018\/06\/IMG-20180617-WA0019-500x500.jpg 500w, https:\/\/prades.cat\/wp-content\/uploads\/2018\/06\/IMG-20180617-WA0019-1000x1000.jpg 1000w, https:\/\/prades.cat\/wp-content\/uploads\/2018\/06\/IMG-20180617-WA0019-700x700.jpg 700w, https:\/\/prades.cat\/wp-content\/uploads\/2018\/06\/IMG-20180617-WA0019.jpg 1508w\" sizes=\"(max-width: 406px) 100vw, 406px\" \/><\/a><\/p>\n<p>&nbsp;<\/p>\n<p>El passat diumenge 17 de juny Prades va rebre un grup de set periodistes russos de diversos mitjans especialitzats en viatges acompanyats per dos membres de l\u2019Agencia Catalana de Turisme.<\/p>\n<p>Els periodistes van poder degustar productes de Prades i de cuina catalana tot dinant a un restaurant del poble. Durant el dinar se\u2019ls hi va informar de les festes i les activitats tur\u00edstiques que es poden fer a Prades i sobre el projecte del futur observatori astron\u00f2mic i tot seguit van poder realitzar una visita guiada per la vila. Per acabar van poder gaudir de l\u2019ermita de la Mare de D\u00e9u de l\u2019Abellera i de les vistes dels voltants.<\/p>\n<p>L\u2019objectiu del viatge era donar a con\u00e8ixer diferents destinacions catalanes centrant-se en el turisme familiar. Justament Prades t\u00e9 el segell de Turisme Familiar desde 2014. A la prov\u00edncia de Tarragona van visitar a m\u00e9s de Prades, Salou, Cambrils i Delta de L\u2019Ebre. Desde Prades van prosseguir el seu viatge cap a la Costa Brava.<\/p>\n<p>L\u2019Oficina de Turisme de l\u2019Ajuntament de Prades ha col\u00b7laborat en aquesta acci\u00f3 promocional.<\/p>\n<p>&nbsp;<\/p>\n","protected":false},"excerpt":{"rendered":"<p>&nbsp; El passat diumenge 17 de juny Prades va rebre un grup de set periodistes russos de diversos mitjans especialitzats en viatges acompanyats per dos membres de l\u2019Agencia Catalana de Turisme. Els periodistes van poder degustar productes de Prades i de cuina catalana tot dinant&#8230;<\/p>\n","protected":false},"author":1,"featured_media":2353,"comment_status":"closed","ping_status":"closed","sticky":false,"template":"","format":"standard","meta":{"footnotes":""},"categories":[5],"tags":[],"acf":[],"yoast_head":"<!-- This site is optimized with the Yoast SEO plugin v22.6 - https:\/\/yoast.com\/wordpress\/plugins\/seo\/ -->\n<title>Prades rep la visita de periodistes russos - Prades<\/title>\n<meta name=\"robots\" content=\"index, follow, max-snippet:-1, max-image-preview:large, max-video-preview:-1\" \/>\n<link rel=\"canonical\" href=\"https:\/\/prades.cat\/en\/notes-de-premsa\/periodistes-russos-visiten-la-vila-de-prades\/\" \/>\n<meta property=\"og:locale\" content=\"en_US\" \/>\n<meta property=\"og:type\" content=\"article\" \/>\n<meta property=\"og:title\" content=\"Prades rep la visita de periodistes russos - Prades\" \/>\n<meta property=\"og:description\" content=\"&nbsp; El passat diumenge 17 de juny Prades va rebre un grup de set periodistes russos de diversos mitjans especialitzats en viatges acompanyats per dos membres de l\u2019Agencia Catalana de Turisme. Els periodistes van poder degustar productes de Prades i de cuina catalana tot dinant...\" \/>\n<meta property=\"og:url\" content=\"https:\/\/prades.cat\/en\/notes-de-premsa\/periodistes-russos-visiten-la-vila-de-prades\/\" \/>\n<meta property=\"og:site_name\" content=\"Prades\" \/>\n<meta property=\"article:published_time\" content=\"2018-06-21T07:28:33+00:00\" \/>\n<meta property=\"article:modified_time\" content=\"2018-06-25T14:40:25+00:00\" \/>\n<meta property=\"og:image\" content=\"https:\/\/prades.cat\/wp-content\/uploads\/2018\/06\/IMG-20180617-WA0019.jpg\" \/>\n\t<meta property=\"og:image:width\" content=\"1508\" \/>\n\t<meta property=\"og:image:height\" content=\"1508\" \/>\n\t<meta property=\"og:image:type\" content=\"image\/jpeg\" \/>\n<meta name=\"author\" content=\"prades\" \/>\n<meta name=\"twitter:card\" content=\"summary_large_image\" \/>\n<meta name=\"twitter:label1\" content=\"Written by\" \/>\n\t<meta name=\"twitter:data1\" content=\"prades\" \/>\n\t<meta name=\"twitter:label2\" content=\"Est. reading time\" \/>\n\t<meta name=\"twitter:data2\" content=\"1 minute\" \/>\n<script type=\"application\/ld+json\" class=\"yoast-schema-graph\">{\"@context\":\"https:\/\/schema.org\",\"@graph\":[{\"@type\":\"WebPage\",\"@id\":\"https:\/\/prades.cat\/en\/notes-de-premsa\/periodistes-russos-visiten-la-vila-de-prades\/\",\"url\":\"https:\/\/prades.cat\/en\/notes-de-premsa\/periodistes-russos-visiten-la-vila-de-prades\/\",\"name\":\"Prades rep la visita de periodistes russos - Prades\",\"isPartOf\":{\"@id\":\"https:\/\/prades.cat\/en\/#website\"},\"primaryImageOfPage\":{\"@id\":\"https:\/\/prades.cat\/en\/notes-de-premsa\/periodistes-russos-visiten-la-vila-de-prades\/#primaryimage\"},\"image\":{\"@id\":\"https:\/\/prades.cat\/en\/notes-de-premsa\/periodistes-russos-visiten-la-vila-de-prades\/#primaryimage\"},\"thumbnailUrl\":\"https:\/\/prades.cat\/wp-content\/uploads\/2018\/06\/IMG-20180617-WA0019.jpg\",\"datePublished\":\"2018-06-21T07:28:33+00:00\",\"dateModified\":\"2018-06-25T14:40:25+00:00\",\"author\":{\"@id\":\"https:\/\/prades.cat\/en\/#\/schema\/person\/bb3b528c79ba4d250c07c52ff2e9f36c\"},\"breadcrumb\":{\"@id\":\"https:\/\/prades.cat\/en\/notes-de-premsa\/periodistes-russos-visiten-la-vila-de-prades\/#breadcrumb\"},\"inLanguage\":\"en-US\",\"potentialAction\":[{\"@type\":\"ReadAction\",\"target\":[\"https:\/\/prades.cat\/en\/notes-de-premsa\/periodistes-russos-visiten-la-vila-de-prades\/\"]}]},{\"@type\":\"ImageObject\",\"inLanguage\":\"en-US\",\"@id\":\"https:\/\/prades.cat\/en\/notes-de-premsa\/periodistes-russos-visiten-la-vila-de-prades\/#primaryimage\",\"url\":\"https:\/\/prades.cat\/wp-content\/uploads\/2018\/06\/IMG-20180617-WA0019.jpg\",\"contentUrl\":\"https:\/\/prades.cat\/wp-content\/uploads\/2018\/06\/IMG-20180617-WA0019.jpg\",\"width\":1508,\"height\":1508},{\"@type\":\"BreadcrumbList\",\"@id\":\"https:\/\/prades.cat\/en\/notes-de-premsa\/periodistes-russos-visiten-la-vila-de-prades\/#breadcrumb\",\"itemListElement\":[{\"@type\":\"ListItem\",\"position\":1,\"name\":\"Inici\",\"item\":\"https:\/\/prades.cat\/en\/\"},{\"@type\":\"ListItem\",\"position\":2,\"name\":\"Prades rep la visita de periodistes russos\"}]},{\"@type\":\"WebSite\",\"@id\":\"https:\/\/prades.cat\/en\/#website\",\"url\":\"https:\/\/prades.cat\/en\/\",\"name\":\"Prades\",\"description\":\"Web de l&#039;Ajuntament de Prades\",\"potentialAction\":[{\"@type\":\"SearchAction\",\"target\":{\"@type\":\"EntryPoint\",\"urlTemplate\":\"https:\/\/prades.cat\/en\/?s={search_term_string}\"},\"query-input\":\"required name=search_term_string\"}],\"inLanguage\":\"en-US\"},{\"@type\":\"Person\",\"@id\":\"https:\/\/prades.cat\/en\/#\/schema\/person\/bb3b528c79ba4d250c07c52ff2e9f36c\",\"name\":\"prades\",\"image\":{\"@type\":\"ImageObject\",\"inLanguage\":\"en-US\",\"@id\":\"https:\/\/prades.cat\/en\/#\/schema\/person\/image\/\",\"url\":\"https:\/\/secure.gravatar.com\/avatar\/4da81faf6e00158cd344bd6f5f1b626e?s=96&d=mm&r=g\",\"contentUrl\":\"https:\/\/secure.gravatar.com\/avatar\/4da81faf6e00158cd344bd6f5f1b626e?s=96&d=mm&r=g\",\"caption\":\"prades\"},\"url\":\"https:\/\/prades.cat\/en\/author\/prades\/\"}]}<\/script>\n<!-- \/ Yoast SEO plugin. -->","yoast_head_json":{"title":"Prades rep la visita de periodistes russos - Prades","robots":{"index":"index","follow":"follow","max-snippet":"max-snippet:-1","max-image-preview":"max-image-preview:large","max-video-preview":"max-video-preview:-1"},"canonical":"https:\/\/prades.cat\/en\/notes-de-premsa\/periodistes-russos-visiten-la-vila-de-prades\/","og_locale":"en_US","og_type":"article","og_title":"Prades rep la visita de periodistes russos - Prades","og_description":"&nbsp; El passat diumenge 17 de juny Prades va rebre un grup de set periodistes russos de diversos mitjans especialitzats en viatges acompanyats per dos membres de l\u2019Agencia Catalana de Turisme. Els periodistes van poder degustar productes de Prades i de cuina catalana tot dinant...","og_url":"https:\/\/prades.cat\/en\/notes-de-premsa\/periodistes-russos-visiten-la-vila-de-prades\/","og_site_name":"Prades","article_published_time":"2018-06-21T07:28:33+00:00","article_modified_time":"2018-06-25T14:40:25+00:00","og_image":[{"width":1508,"height":1508,"url":"https:\/\/prades.cat\/wp-content\/uploads\/2018\/06\/IMG-20180617-WA0019.jpg","type":"image\/jpeg"}],"author":"prades","twitter_card":"summary_large_image","twitter_misc":{"Written by":"prades","Est. reading time":"1 minute"},"schema":{"@context":"https:\/\/schema.org","@graph":[{"@type":"WebPage","@id":"https:\/\/prades.cat\/en\/notes-de-premsa\/periodistes-russos-visiten-la-vila-de-prades\/","url":"https:\/\/prades.cat\/en\/notes-de-premsa\/periodistes-russos-visiten-la-vila-de-prades\/","name":"Prades rep la visita de periodistes russos - Prades","isPartOf":{"@id":"https:\/\/prades.cat\/en\/#website"},"primaryImageOfPage":{"@id":"https:\/\/prades.cat\/en\/notes-de-premsa\/periodistes-russos-visiten-la-vila-de-prades\/#primaryimage"},"image":{"@id":"https:\/\/prades.cat\/en\/notes-de-premsa\/periodistes-russos-visiten-la-vila-de-prades\/#primaryimage"},"thumbnailUrl":"https:\/\/prades.cat\/wp-content\/uploads\/2018\/06\/IMG-20180617-WA0019.jpg","datePublished":"2018-06-21T07:28:33+00:00","dateModified":"2018-06-25T14:40:25+00:00","author":{"@id":"https:\/\/prades.cat\/en\/#\/schema\/person\/bb3b528c79ba4d250c07c52ff2e9f36c"},"breadcrumb":{"@id":"https:\/\/prades.cat\/en\/notes-de-premsa\/periodistes-russos-visiten-la-vila-de-prades\/#breadcrumb"},"inLanguage":"en-US","potentialAction":[{"@type":"ReadAction","target":["https:\/\/prades.cat\/en\/notes-de-premsa\/periodistes-russos-visiten-la-vila-de-prades\/"]}]},{"@type":"ImageObject","inLanguage":"en-US","@id":"https:\/\/prades.cat\/en\/notes-de-premsa\/periodistes-russos-visiten-la-vila-de-prades\/#primaryimage","url":"https:\/\/prades.cat\/wp-content\/uploads\/2018\/06\/IMG-20180617-WA0019.jpg","contentUrl":"https:\/\/prades.cat\/wp-content\/uploads\/2018\/06\/IMG-20180617-WA0019.jpg","width":1508,"height":1508},{"@type":"BreadcrumbList","@id":"https:\/\/prades.cat\/en\/notes-de-premsa\/periodistes-russos-visiten-la-vila-de-prades\/#breadcrumb","itemListElement":[{"@type":"ListItem","position":1,"name":"Inici","item":"https:\/\/prades.cat\/en\/"},{"@type":"ListItem","position":2,"name":"Prades rep la visita de periodistes russos"}]},{"@type":"WebSite","@id":"https:\/\/prades.cat\/en\/#website","url":"https:\/\/prades.cat\/en\/","name":"Prades","description":"Web de l&#039;Ajuntament de Prades","potentialAction":[{"@type":"SearchAction","target":{"@type":"EntryPoint","urlTemplate":"https:\/\/prades.cat\/en\/?s={search_term_string}"},"query-input":"required name=search_term_string"}],"inLanguage":"en-US"},{"@type":"Person","@id":"https:\/\/prades.cat\/en\/#\/schema\/person\/bb3b528c79ba4d250c07c52ff2e9f36c","name":"prades","image":{"@type":"ImageObject","inLanguage":"en-US","@id":"https:\/\/prades.cat\/en\/#\/schema\/person\/image\/","url":"https:\/\/secure.gravatar.com\/avatar\/4da81faf6e00158cd344bd6f5f1b626e?s=96&d=mm&r=g","contentUrl":"https:\/\/secure.gravatar.com\/avatar\/4da81faf6e00158cd344bd6f5f1b626e?s=96&d=mm&r=g","caption":"prades"},"url":"https:\/\/prades.cat\/en\/author\/prades\/"}]}},"_links":{"self":[{"href":"https:\/\/prades.cat\/en\/wp-json\/wp\/v2\/posts\/2352"}],"collection":[{"href":"https:\/\/prades.cat\/en\/wp-json\/wp\/v2\/posts"}],"about":[{"href":"https:\/\/prades.cat\/en\/wp-json\/wp\/v2\/types\/post"}],"author":[{"embeddable":true,"href":"https:\/\/prades.cat\/en\/wp-json\/wp\/v2\/users\/1"}],"replies":[{"embeddable":true,"href":"https:\/\/prades.cat\/en\/wp-json\/wp\/v2\/comments?post=2352"}],"version-history":[{"count":5,"href":"https:\/\/prades.cat\/en\/wp-json\/wp\/v2\/posts\/2352\/revisions"}],"predecessor-version":[{"id":2360,"href":"https:\/\/prades.cat\/en\/wp-json\/wp\/v2\/posts\/2352\/revisions\/2360"}],"wp:featuredmedia":[{"embeddable":true,"href":"https:\/\/prades.cat\/en\/wp-json\/wp\/v2\/media\/2353"}],"wp:attachment":[{"href":"https:\/\/prades.cat\/en\/wp-json\/wp\/v2\/media?parent=2352"}],"wp:term":[{"taxonomy":"category","embeddable":true,"href":"https:\/\/prades.cat\/en\/wp-json\/wp\/v2\/categories?post=2352"},{"taxonomy":"post_tag","embeddable":true,"href":"https:\/\/prades.cat\/en\/wp-json\/wp\/v2\/tags?post=2352"}],"curies":[{"name":"wp","href":"https:\/\/api.w.org\/{rel}","templated":true}]}}